{"id":622,"date":"2026-03-15T17:28:15","date_gmt":"2026-03-15T16:28:15","guid":{"rendered":"https:\/\/www.blog.adlerova.cz\/?p=622"},"modified":"2026-03-15T17:36:11","modified_gmt":"2026-03-15T16:36:11","slug":"jaro-rozlamany-beton-a-kvintesence","status":"publish","type":"post","link":"https:\/\/www.blog.adlerova.cz\/index.php\/2026\/03\/15\/jaro-rozlamany-beton-a-kvintesence\/","title":{"rendered":"Jaro, rozl\u00e1man\u00fd beton a kvintesence"},"content":{"rendered":"\n<p>D\u00edky p\u0159\u00edrodo, i v\u00a0graduj\u00edc\u00edm chaosu p\u0159elomu v\u011bk\u016f p\u0159i\u0161lo jaro. Jistota toho, \u017ee p\u0159\u00edroda dok\u00e1\u017ee p\u0159ekonat i lidskou hloupost a pracuje pro budoucnost. Ta \u00fat\u011b\u0161n\u00e1 doba, kdy voda shora ve znamen\u00ed Ryb probud\u00ed zemi a pak ji vyst\u0159\u00edd\u00e1 \u017eivotad\u00e1rn\u00e9 teplo a sv\u011btlo Slunce. Vit\u00e1ln\u00ed s\u00edla je neuv\u011b\u0159iteln\u011b mocn\u00e1. K\u0159ehk\u00e9, t\u00e9m\u011b\u0159 pr\u016fsvitn\u00e9 prvn\u00ed l\u00edstky rozl\u00e1mou i beton, aby mohly r\u016fst vzh\u016fru ke sv\u011btlu.<\/p>\n\n\n\n<p>A ze zem\u011b, vzduchu, vody a sv\u011btla se rod\u00ed nov\u00fd \u017eivot ve sv\u00e9 viditeln\u00e9 podob\u011b, zhmot\u0148uje se v\u00a0rostlin\u00e1ch, ty jsou potravou pro \u017eivo\u010dichy. To v\u0161e se ob\u011btuje, aby dalo \u017eivot \u010dlov\u011bku. \u010clov\u011bk ob\u011btuje sv\u00e9 po smrti opu\u0161t\u011bn\u00e9 t\u011blo rostlin\u00e1m a \u017eivo\u010dich\u016fm. Ve spojen\u00ed \u010dty\u0159 \u017eivl\u016f, \u010dty\u0159 esenc\u00ed se nen\u00e1padn\u011b projevuje p\u00e1t\u00e1, kvintesence. Jak si ji p\u0159edstavujete? N\u011bkdy se setk\u00e1v\u00e1m s\u00a0ozna\u010den\u00edm \u00e9tern\u00e1 sf\u00e9ra, \u017eivotn\u00ed s\u00edla.<\/p>\n\n\n\n<p>Kdybychom hospoda\u0159ili se v\u0161emi dary, kter\u00e9 jsme dostali k\u00a0\u017eivotu s\u00a0pozornou p\u00e9\u010d\u00ed a s\u00a0l\u00e1skou, v\u00a0souladu s\u00a0fyzik\u00e1ln\u00edmi z\u00e1kony, s principy, kter\u00fdmi se \u0159\u00edd\u00ed \u017eivot v\u00a0p\u0159\u00edrod\u011b, m\u011bnilo by se postupn\u011b to, co je podle na\u0161eho slovn\u00edku neorganick\u00e9, v\u00a0organick\u00e9. Miner\u00e1ly z p\u016fdy by se st\u00e1valy sou\u010d\u00e1st\u00ed slo\u017eit\u011bj\u0161\u00edch slou\u010denin v\u00a0rostlin\u00e1ch a postupn\u011b by organick\u00e9 hmoty bylo v\u00edce a v\u00edce. Na miner\u00e1l by se mohla zp\u011bt zm\u011bnit sp\u00e1len\u00edm, ale popel vznikl\u00fd ho\u0159en\u00edm d\u0159eva je vynikaj\u00edc\u00ed hnojivo a vrac\u00ed se rychle do podoby \u017eiv\u00e9 p\u0159\u00edrody.<\/p>\n\n\n\n<p>Miner\u00e1ln\u00ed sv\u011bt m\u00e1 tak\u00e9 sv\u016fj \u017eivot, ale jin\u00fd ne\u017e ten, kter\u00fd pat\u0159\u00ed do \u00e9tern\u00e9 sf\u00e9ry. Ta proud\u00ed, d\u00fdch\u00e1, roste ke sv\u011btlu, kvete. Je k\u0159eh\u010d\u00ed ne\u017e ta miner\u00e1ln\u00ed, ale p\u0159esto dok\u00e1\u017ee, aby k\u00e1men puknul a ud\u011blal m\u00edsto rostlin\u011b. A je z\u00a0velk\u00e9 \u010d\u00e1sti stvo\u0159ena vodou. Voda je velk\u00e1 z\u00e1hada, i kdy\u017e ji mnoho lid\u00ed bere jako samoz\u0159ejmost. Nejsme si jisti jej\u00edm p\u016fvodem. Ve \u0161kole jsem se kdysi u\u010dila, \u017ee voda je \u017eivot. V\u00a0jazyce sn\u016f je voda spojovan\u00e1 s\u00a0emocemi a city, v\u00a0r\u016fzn\u00fdch podob\u00e1ch. V\u00a0imaginac\u00edch mi \u010dasto pom\u00e1h\u00e1 vystopovat, kde se zadrhla \u017eivotn\u00ed s\u00edla. Je tady pro v\u0161echny, bez n\u00ed by nebyla ani kr\u00e1sn\u00e1 ani \u017eiv\u00e1 modrozelen\u00e1 planeta. <\/p>\n\n\n\n<p>Emoce, city, s\u00edla \u017eivota \u2013 m\u016f\u017ee b\u00fdt n\u011bjak\u00fd vztah mezi vodou l\u00e1skou? \u010casto sl\u00fdch\u00e1m mluvit o nekone\u010dn\u00e9 l\u00e1sce, do kter\u00e9 se navrac\u00ed du\u0161e po smrti t\u011bla. Nejen od lid\u00ed, kte\u0159\u00ed si spiritualitu p\u0159edstavuj\u00ed jako vzn\u00e1\u0161en\u00ed se na obl\u00e1\u010dku. O tom pro\u017eitku mluv\u00ed i velmi dob\u0159e uzemn\u011bn\u00ed a v\u011bdom\u00ed lid\u00e9, kte\u0159\u00ed za\u017eili stavy bl\u00edzk\u00e9 smrti nebo sd\u00edlen\u00e9 smrti p\u0159i prov\u00e1zen\u00ed um\u00edraj\u00edc\u00edch.<\/p>\n\n\n\n<p>Kdybychom pro zaj\u00edmavost \u00fapln\u011b bez p\u0159edsudk\u016f a hodnocen\u00ed zkou\u0161eli hledat analogie mezi vodou a l\u00e1skou na hmotn\u00e9 a nehmotn\u00e9 rovin\u011b, m\u016f\u017ee to p\u0159in\u00e9st zaj\u00edmav\u00e9 obrazy. Jsme stvo\u0159eni stejn\u011b tak z\u00a0vody, jako z\u00a0l\u00e1sky. Bez vody um\u00edr\u00e1 na\u0161e t\u011blo a nem\u016f\u017eeme projevovat l\u00e1sku, bez l\u00e1sky ztr\u00e1c\u00edme sv\u00e9 lidstv\u00ed. Voda ve sv\u00e9m p\u0159irozen\u00e9m prost\u0159ed\u00ed proud\u00ed, i l\u00e1ska je \u017eiv\u00e1 v\u00fdm\u011bna mezi lidmi. <\/p>\n\n\n\n<p>Jestli jste dok\u00e1zali sledovat sled m\u00fdch \u00favah a\u017e sem, zkuste nav\u00e1zat a uva\u017eujte o dal\u0161\u00edch analogi\u00edch a kdy\u017e budete cht\u00edt, napi\u0161te mi je prost\u0159ednictv\u00edm kontaktn\u00edho formul\u00e1\u0159e. P\u0159eji v\u00e1m kr\u00e1sn\u00e9 jaro a m\u011bjte o\u010di otev\u0159en\u00e9, abyste vid\u011bli v\u0161echny kr\u00e1sy sv\u011bta, kdy\u017e si dovol\u00edm parafr\u00e1zovat Fr\u00e1\u0148u \u0160r\u00e1mka.<\/p>\n\n\n\n<p><em>Ilustra\u010dn\u00ed foto: Pixabay, text je publikov\u00e1n pod licenc\u00ed<\/em><a href=\"https:\/\/creativecommons.org\/licenses\/by-nc-nd\/4.0\/legalcode.cs\" target=\"_blank\" rel=\"noreferrer noopener\"><em> CC BY-NC-ND 4.0<\/em><\/a><\/p>\n\n\n\n<p><\/p>\n","protected":false},"excerpt":{"rendered":"<p>D\u00edky p\u0159\u00edrodo, i v graduj\u00edc\u00edm chaosu p\u0159elomu v\u011bk\u016f p\u0159i\u0161lo jaro. Jistota toho, \u017ee p\u0159\u00edroda dok\u00e1\u017ee p\u0159ekonat i lidskou hloupost a pracuje pro budoucnost. Vit\u00e1ln\u00ed s\u00edla, s\u00edla \u017eivota, je neuv\u011b\u0159iteln\u011b mocn\u00e1, k\u0159ehk\u00e9, t\u00e9m\u011b\u0159 pr\u016fsvitn\u00e9 prvn\u00ed l\u00edstky tr\u00e1vy rozl\u00e1mou i beton, aby mohly r\u016fst vzh\u016fru ke sv\u011btlu.<\/p>\n","protected":false},"author":1,"featured_media":623,"comment_status":"closed","ping_status":"open","sticky":false,"template":"","format":"standard","meta":{"footnotes":""},"categories":[24,66,17,56,20],"tags":[83,84,85,86,88,78,57,87],"class_list":["post-622","post","type-post","status-publish","format-standard","has-post-thumbnail","hentry","category-analogie","category-badatelna","category-o-vyznamu-slov","category-transcendence","category-uvahy","tag-analogie","tag-imaginace","tag-jaro","tag-kvintesence","tag-laska","tag-obrazne-mysleni","tag-transformace","tag-voda"],"_links":{"self":[{"href":"https:\/\/www.blog.adlerova.cz\/index.php\/wp-json\/wp\/v2\/posts\/622","targetHints":{"allow":["GET"]}}],"collection":[{"href":"https:\/\/www.blog.adlerova.cz\/index.php\/wp-json\/wp\/v2\/posts"}],"about":[{"href":"https:\/\/www.blog.adlerova.cz\/index.php\/wp-json\/wp\/v2\/types\/post"}],"author":[{"embeddable":true,"href":"https:\/\/www.blog.adlerova.cz\/index.php\/wp-json\/wp\/v2\/users\/1"}],"replies":[{"embeddable":true,"href":"https:\/\/www.blog.adlerova.cz\/index.php\/wp-json\/wp\/v2\/comments?post=622"}],"version-history":[{"count":6,"href":"https:\/\/www.blog.adlerova.cz\/index.php\/wp-json\/wp\/v2\/posts\/622\/revisions"}],"predecessor-version":[{"id":629,"href":"https:\/\/www.blog.adlerova.cz\/index.php\/wp-json\/wp\/v2\/posts\/622\/revisions\/629"}],"wp:featuredmedia":[{"embeddable":true,"href":"https:\/\/www.blog.adlerova.cz\/index.php\/wp-json\/wp\/v2\/media\/623"}],"wp:attachment":[{"href":"https:\/\/www.blog.adlerova.cz\/index.php\/wp-json\/wp\/v2\/media?parent=622"}],"wp:term":[{"taxonomy":"category","embeddable":true,"href":"https:\/\/www.blog.adlerova.cz\/index.php\/wp-json\/wp\/v2\/categories?post=622"},{"taxonomy":"post_tag","embeddable":true,"href":"https:\/\/www.blog.adlerova.cz\/index.php\/wp-json\/wp\/v2\/tags?post=622"}],"curies":[{"name":"wp","href":"https:\/\/api.w.org\/{rel}","templated":true}]}}