{"id":606,"date":"2025-11-02T19:22:22","date_gmt":"2025-11-02T18:22:22","guid":{"rendered":"https:\/\/www.blog.adlerova.cz\/?p=606"},"modified":"2025-11-02T19:33:48","modified_gmt":"2025-11-02T18:33:48","slug":"ale-no-tak-pani-adlerova","status":"publish","type":"post","link":"https:\/\/www.blog.adlerova.cz\/index.php\/2025\/11\/02\/ale-no-tak-pani-adlerova\/","title":{"rendered":"Ale no tak, pan\u00ed Adlerov\u00e1!"},"content":{"rendered":"\n<p>Tu v\u011btu v&nbsp;titulku pronesl pom\u011brn\u011b sympatick\u00fd l\u00e9ka\u0159, podle v\u0161eho pod signaturou Bl\u00ed\u017eenc\u016f, proto\u017ee jsme si perfektn\u011b popov\u00eddali a rozhovor byl produktivn\u00ed. Vy\u0159kl ji s&nbsp;nads\u00e1zkou a rozesm\u00e1la m\u011b.<\/p>\n\n\n\n<p>Ze dvou d\u016fvod\u016f. Ten prvn\u00ed byl ten, \u017ee byly doby, kdy bych se byla velmi vylekala, znejist\u011bla bych a za\u010dala bych zkoumat, co je se mnou \u0161patn\u011b, kde jsem ud\u011blala chybu, \u017ee m\u011b ta autorita napom\u00edn\u00e1. Po letech d\u0159iny na tom, pro\u010d se mi to d\u011bje a jak se c\u00edtit jinak, jsem z\u016fstala v&nbsp;p\u0159ede\u0161l\u00e9 pohod\u011b. V\u011bta m\u011b rozveselila, proto\u017ee mi nic nebr\u00e1nilo u\u017e\u00edt si ten vtip. A jako autoritu toho l\u00e9ka\u0159e skute\u010dn\u011b vid\u00edm, m\u00e1m respekt k&nbsp;tomu, jak spole\u010dn\u011b se svou kolegyn\u00ed ovlivnili a m\u011bn\u00ed sv\u016fj obor.<\/p>\n\n\n\n<p>Ten druh\u00fd d\u016fvod byl je\u0161t\u011b v\u00edc triky. M\u00e1m toti\u017e s&nbsp;l\u00e9ka\u0159i ur\u010ditou zku\u0161enost, kter\u00e1 mi sice nebr\u00e1n\u00ed t\u011bm, kter\u00e9 jsem si vybrala, nebo n\u011bkter\u00fdm z&nbsp;t\u011bch, se kter\u00fdmi m\u011b osud svedl profesn\u011b, d\u016fv\u011b\u0159ovat, ale prim\u00e1rn\u011b jsem obez\u0159etn\u00e1, ne\u017e se uk\u00e1\u017ee, co jsou za\u010d. Jestli z nich medic\u00edna nevymazala lidstv\u00ed.<\/p>\n\n\n\n<p>Domn\u00edv\u00e1m se, \u017ee l\u00e9ka\u0159i jsou d\u00edky n\u00e1ro\u010dn\u00e9mu studiu a n\u00e1rok\u016fm akademick\u00fdch pracovi\u0161\u0165 kapacitn\u011b vysyceni natolik, \u017ee je pro n\u011b obt\u00ed\u017en\u00e9, pod\u00edvat se na symptom nebo na pacienta obrazn\u011b, v&nbsp;kontextu celku. Co\u017e samo o sob\u011b nevad\u00ed. To, co je pro m\u011b na p\u0159ek\u00e1\u017eku je to, \u017ee to neberou sportovn\u011b. Pro\u010d ne\u0159\u00edct, \u017ee na jin\u00e9m \u00fahlu pohledu n\u011bco mo\u017en\u00e1 m\u016f\u017ee b\u00fdt, ale oni nemaj\u00ed kapacitu se t\u00edm zab\u00fdvat, tak\u017ee o tom nic nev\u011bd\u00ed a necht\u011bj\u00ed k&nbsp;tomu logicky nic \u0159\u00edkat? Nam\u00edsto toho rovnou smetou to, co neznaj\u00ed, ze stolu, na fakult\u011b se to neu\u010d\u00ed, je to nesmysl.<\/p>\n\n\n\n<p>Tenhle l\u00e9ka\u0159 p\u0159esah nezpochybniteln\u011b m\u00e1, proto\u017ee ho sv\u00fdm zp\u016fsobem nejen ve sv\u00e9m oboru v\u00a0medic\u00edn\u011b nastavoval. I proto v\u00a0tom v\u00fdroku byla nads\u00e1zka. Zahr\u00e1li jsme rem\u00edzu p\u0159ipomenut\u00edm Chestertonova v\u00fdroku, \u017ee mu\u017ei jsou specialist\u00e9 a \u017eeny univerzalistky. A nav\u00edc \u017eeny v\u011bdkyn\u011b, kter\u00e9 jsou zv\u011bdav\u00e9 a patologicky je zaj\u00edmaj\u00ed souvislosti, kter\u00e9 se nab\u00edzej\u00ed. Vtip je v\u00a0tom, se ve zkoum\u00e1n\u00ed neztratit a nebrat asociace a analogie doslova, ale obrazn\u011b. To, co jsem postupn\u011b nastudovala, nemontuji k\u00a0sob\u011b tak, jak je ob\u010das v\u00a0akademick\u00fdch kruz\u00edch zvykem \u2013 tady kousek usekneme, tady to nat\u00e1hneme, aby se to hodilo. Statistika nem\u00e1 sv\u011bdom\u00ed. Takov\u00e1 mont\u00e1\u017e pak kulh\u00e1 jako Popel\u010dina nevlastn\u00ed sestra.<\/p>\n\n\n\n<p>M\u00e1m zaj\u00edmav\u00e9 v\u011bci ulo\u017een\u00e9 v&nbsp;itiner\u00e1\u0159i sv\u00e9 pam\u011bti, nemus\u00edm o tom ani v\u011bd\u011bt, ale kdy\u017e p\u0159ibude ten chyb\u011bj\u00edc\u00ed kousek, n\u011bjak se to set\u0159ese a n\u011bkolik t\u011bch d\u0159\u00edve ulo\u017een\u00fdch s&nbsp;n\u00edm slo\u017e\u00ed AHA! Nov\u00fd \u00fahel pohledu na tot\u00e9\u017e.<\/p>\n\n\n\n<p>Vtip je toti\u017e v&nbsp;tom, \u017ee kdy\u017e se na jednoho \u010dlov\u011bka s&nbsp;jeho fyziologi\u00ed, osobnost\u00ed, histori\u00ed, se v\u0161emi symptomy, budou poctiv\u011b d\u00edvat lid\u00e9 z&nbsp;r\u016fzn\u00fdch \u0161kol, kultur, p\u0159\u00edstup\u016f, budou popisovat tot\u00e9\u017e, jen skrz sv\u00e9 vlastn\u00ed prizma, budou pou\u017e\u00edvat jin\u00fd slovn\u00edk, jinou obraznost, bnudou vych\u00e1zet z jin\u00e9ho syst\u00e9mu pozn\u00e1n\u00ed. P\u0159esto budou mluvit o tomt\u00e9\u017e.<\/p>\n\n\n\n<p>Jejich diagnostick\u00e1 vyj\u00e1d\u0159en\u00ed tedy velmi pravd\u011bpodobn\u011b maj\u00ed n\u011bjakou analogii, by\u0165 to ob\u010das vypad\u00e1 divoce. A sn\u00edm o tom, \u017ee se jednou stane ten z\u00e1zrak a sejdou se t\u0159eba internista, l\u00e9\u010ditel T\u010cM, homeopat, arteterapeut, fyzioterapeut, psycholog, aromaterapeut, a budou mluvit o jednom pacientovi, kter\u00fd projev\u00ed ochotu se do toho experimentu zapojit. A budou hledat spole\u010dnou \u0159e\u010d, sty\u010dn\u00e9 body ve sv\u00e9m popisu symptom\u016f a jeho stavu. Na to se opravdu t\u011b\u0161\u00edm. Co\u017ee? Ale no tak, pan\u00ed Adlerov\u00e1?<\/p>\n\n\n\n<p><em>Ilustra\u010dn\u00ed foto: Gabriela Pausa, text je publikov\u00e1n pod licenc\u00ed<\/em><a href=\"https:\/\/creativecommons.org\/licenses\/by-nc-nd\/4.0\/legalcode.cs\" target=\"_blank\" rel=\"noreferrer noopener\"><em> CC BY-NC-ND 4.0<\/em><\/a><\/p>\n\n\n\n<p><\/p>\n","protected":false},"excerpt":{"rendered":"<p>Tu v\u011btu v\u00a0titulku pronesl pom\u011brn\u011b sympatick\u00fd l\u00e9ka\u0159, se kter\u00fdm jsme si perfektn\u011b popov\u00eddali a rozhovor byl produktivn\u00ed. Vy\u0159kl ji s\u00a0nads\u00e1zkou a rozesm\u00e1la m\u011b. M\u00e1m respekt k\u00a0tomu, jak spole\u010dn\u011b se svou kolegyn\u00ed ovlivnili a m\u011bn\u00ed sv\u016fj obor. M\u00e1 zku\u0161enosti mi sice nebr\u00e1n\u00ed n\u011bkter\u00fdm l\u00e9ka\u0159\u016fm, kter\u00e9 jsem si vybrala, d\u016fv\u011b\u0159ovat, ale prim\u00e1rn\u011b jsem obez\u0159etn\u00e1, ne\u017e se uk\u00e1\u017ee, jestli z nich medic\u00edna nevymazala lidstv\u00ed.<\/p>\n","protected":false},"author":1,"featured_media":607,"comment_status":"closed","ping_status":"open","sticky":false,"template":"","format":"standard","meta":{"footnotes":""},"categories":[68,23,20,16],"tags":[80,10,81,36,51],"class_list":["post-606","post","type-post","status-publish","format-standard","has-post-thumbnail","hentry","category-profese","category-spolecnost","category-uvahy","category-zdravi","tag-lekar","tag-osobnost","tag-respekt","tag-sebeduvera","tag-zdravi"],"_links":{"self":[{"href":"https:\/\/www.blog.adlerova.cz\/index.php\/wp-json\/wp\/v2\/posts\/606","targetHints":{"allow":["GET"]}}],"collection":[{"href":"https:\/\/www.blog.adlerova.cz\/index.php\/wp-json\/wp\/v2\/posts"}],"about":[{"href":"https:\/\/www.blog.adlerova.cz\/index.php\/wp-json\/wp\/v2\/types\/post"}],"author":[{"embeddable":true,"href":"https:\/\/www.blog.adlerova.cz\/index.php\/wp-json\/wp\/v2\/users\/1"}],"replies":[{"embeddable":true,"href":"https:\/\/www.blog.adlerova.cz\/index.php\/wp-json\/wp\/v2\/comments?post=606"}],"version-history":[{"count":5,"href":"https:\/\/www.blog.adlerova.cz\/index.php\/wp-json\/wp\/v2\/posts\/606\/revisions"}],"predecessor-version":[{"id":612,"href":"https:\/\/www.blog.adlerova.cz\/index.php\/wp-json\/wp\/v2\/posts\/606\/revisions\/612"}],"wp:featuredmedia":[{"embeddable":true,"href":"https:\/\/www.blog.adlerova.cz\/index.php\/wp-json\/wp\/v2\/media\/607"}],"wp:attachment":[{"href":"https:\/\/www.blog.adlerova.cz\/index.php\/wp-json\/wp\/v2\/media?parent=606"}],"wp:term":[{"taxonomy":"category","embeddable":true,"href":"https:\/\/www.blog.adlerova.cz\/index.php\/wp-json\/wp\/v2\/categories?post=606"},{"taxonomy":"post_tag","embeddable":true,"href":"https:\/\/www.blog.adlerova.cz\/index.php\/wp-json\/wp\/v2\/tags?post=606"}],"curies":[{"name":"wp","href":"https:\/\/api.w.org\/{rel}","templated":true}]}}