{"id":600,"date":"2025-10-19T17:57:00","date_gmt":"2025-10-19T15:57:00","guid":{"rendered":"https:\/\/www.blog.adlerova.cz\/?p=600"},"modified":"2025-10-19T18:00:07","modified_gmt":"2025-10-19T16:00:07","slug":"zelezna-kosile-a-dary-snu","status":"publish","type":"post","link":"https:\/\/www.blog.adlerova.cz\/index.php\/2025\/10\/19\/zelezna-kosile-a-dary-snu\/","title":{"rendered":"\u017delezn\u00e1 ko\u0161ile a dary sn\u016f"},"content":{"rendered":"\n<p>Dne\u0161n\u00ed blog inspiroval sen. Byl kr\u00e1sn\u00fd, pln\u00fd sm\u011brovek. Sny je toti\u017e t\u0159eba br\u00e1t v\u00e1\u017en\u011b a s&nbsp;respektem. Um\u011bt rozezn\u00e1vat ty, kter\u00e9 nesou zpr\u00e1vu, od t\u011bch, do kter\u00fdch se jen prop\u00ed\u0161e p\u0159etlak z&nbsp;minul\u00e9ho dne. A um\u011bt ty prvn\u00ed spr\u00e1vn\u011b de\u0161ifrovat. Proto jsem se rozhodla otev\u0159\u00edt op\u011bt skupinu pro pr\u00e1ci se sny. Zaj\u00edm\u00e1 v\u00e1s, co to znamen\u00e1? Podrobnosti najdete <a href=\"https:\/\/www.adlerova.cz\/\">na m\u00e9m webu<\/a>.<\/p>\n\n\n\n<p>Sen, kter\u00fd mi vypr\u00e1v\u011bl p\u00e1te\u010dn\u00ed n\u00e1v\u0161t\u011bvn\u00edk, \u0159\u00edkejme mu Robert, byl o odjezdu vlakem. Robert p\u0159i\u0161el na n\u00e1dra\u017e\u00ed, m\u011bl s&nbsp;sebou zavazadlo, velkou cestovn\u00ed ta\u0161ku, kter\u00e1 byla pln\u00e1 a t\u011b\u017ek\u00e1. M\u011bla pist\u00e1ciovou pastelovou barvu, kterou nem\u00e1 v&nbsp;oblib\u011b, ale ta\u0161ka i tak je\u0161t\u011b vypadala p\u0159ijateln\u011b. Nebyl tam s\u00e1m, sed\u011bl s&nbsp;n\u011bk\u00fdm, koho znal ve snu, ale nezn\u00e1 ho v&nbsp;re\u00e1ln\u00e9m \u017eivot\u011b, v&nbsp;n\u011bjak\u00e9 \u010dek\u00e1rn\u011b. Pak u\u017e bylo t\u0159eba pomalu j\u00edt na n\u00e1stupi\u0161t\u011b, bylo p\u0159ed jeden\u00e1ctou a vlak m\u011bl odjet v&nbsp;11.04. \u010clov\u011bk, se kter\u00fdm Robert p\u0159i\u0161el, jel jinam a o n\u011bco pozd\u011bji. Rozlou\u010dili se rychle a lehce, asi se potk\u00e1vaj\u00ed, a Robert \u0161el hledat sv\u00e9 n\u00e1stupi\u0161t\u011b, \u010d\u00edslo 11. Bylo stranou hlavn\u00ed haly n\u00e1dra\u017e\u00ed, spolu s n\u00e1stupi\u0161t\u011bm 12, \u0161lo se k&nbsp;n\u011bmu dol\u016f po schodech, a kdy\u017e k&nbsp;nim m\u00ed\u0159il, uv\u011bdomil si, \u017ee m\u00e1 jinou, tak\u00e9 velkou, ale polopr\u00e1zdnou a leh\u010d\u00ed ta\u0161ku, v&nbsp;barv\u011b, kter\u00e1 se mu l\u00edbila. Ve snu v\u011bd\u011bl, \u017ee je i tahle ta\u0161ka jeho. Byl je\u0161t\u011b \u010das, rozhodl se vr\u00e1tit se i pro tu p\u016fvodn\u00ed. Na\u0161el ji lehce, vedle n\u00ed st\u00e1la nav\u00edc dal\u0161\u00ed ta\u0161ka, o kter\u00e9 v\u011bd\u011bl, \u017ee je tak\u00e9 jeho, z&nbsp;um\u011bl\u00e9 b\u00edl\u00e9 leskl\u00e9 imitace k\u016f\u017ee s&nbsp;pozlacen\u00fdmi p\u0159ezkami. V\u016fbec se mu nel\u00edbila, nech\u00e1pal, jak ji kdy mohl nosit. Rychle se do n\u00ed pod\u00edval a na\u0161el v&nbsp;n\u00ed oble\u010den\u00ed, kter\u00e9 kdysi nosil v&nbsp;profesi, kterou u\u017e d\u00e1vno opustil. Vzal si v\u0161ak v\u0161echny t\u0159i ta\u0161ky, s&nbsp;t\u00edm, \u017ee i to star\u00e9 oble\u010den\u00ed by se mohlo na n\u011bco hodit, n\u011bjak ho p\u0159e\u0161\u00edt t\u0159eba, nebo je n\u011bco v kaps\u00e1ch, co by se mohlo hodit. Obt\u00ed\u017een\u00fd t\u0159emi zavazadly sp\u011bchal na n\u00e1stupi\u0161t\u011b, s&nbsp;t\u00edm, \u017ee v\u0161echno unese a \u017ee je p\u0159ebere ve vlaku a n\u011bco pak vyhod\u00ed.<\/p>\n\n\n\n<p><strong>Jak se snem zach\u00e1zet, abychom neminuli jeho n\u00e1pov\u011bdu?<\/strong> Sen toti\u017e sv\u00e1 sd\u011blen\u00ed oble\u010de do rekvizit, kter\u00e9 zn\u00e1me z\u00a0b\u011b\u017en\u00e9ho \u017eivota a pro pochopen\u00ed mus\u00edme pou\u017e\u00edt jazyk obrazn\u00fd, jazyk asociac\u00ed a analogi\u00ed, sledovat, kter\u00fd n\u00e1pad, obraz, v\u00fdklad, v\u00e1s oslov\u00ed, nebo ho odm\u00edtnete. Jakmile vyvol\u00e1 emoce, jste na dobr\u00e9 stop\u011b.<\/p>\n\n\n\n<p>M\u016f\u017eete si zkusit nazvat sen kr\u00e1tk\u00fdm n\u00e1zvem, jako kdyby se jednalo o titulek pro kr\u00e1tk\u00fd film. Tady t\u0159eba Zapomenut\u00e9 cennosti, V\u0161echno unesu nebo Star\u00e1 vete\u0161, to podle toho, komu a v&nbsp;jak\u00e9 situaci se o ta\u0161k\u00e1ch zd\u00e1.<\/p>\n\n\n\n<p>M\u016f\u017eete si ps\u00e1t pozn\u00e1mky, t\u0159eba co v\u00e1s napad\u00e1 ve spojitosti s&nbsp;vlaky \u2013 ve\u0159ejn\u00fd dopravn\u00ed prost\u0159edek, kter\u00fd m\u00e1 danou trasu, u\u017e p\u0159ipraven\u00e9 koleje, k&nbsp;c\u00edlov\u00e9 stanici, kterou si Robert s\u00e1m zvolil. Je to m\u00edsto, kde d\u011bl\u00e1me \u017eivotn\u00ed rozhodnut\u00ed o c\u00edli, sm\u011b\u0159ov\u00e1n\u00ed nebo spolupr\u00e1ci v r\u00e1mci&nbsp;n\u011bjak\u00e9 spole\u010dnosti. Je tak\u00e9 t\u0159eba, abychom to rozhodnut\u00ed ud\u011blali ve spr\u00e1vn\u00fd \u010das. Tady se nav\u00edc opakuje \u010d\u00edslo 11, i to stoj\u00ed za pov\u0161imnut\u00ed, jak\u00fd vztah m\u00e1 Robert k&nbsp;\u010d\u00edslu 11, jestli si ho pamatuje z&nbsp;n\u011bjak\u00e9 situace etc. <\/p>\n\n\n\n<p>Jeho vlak do m\u00edsta, kam se rozhodl jet, jede z&nbsp;n\u00e1stupi\u0161t\u011b, kter\u00e9 je mimo hlavn\u00ed halu, je to tedy n\u011bco neobvykl\u00e9ho, n\u011bco, co n\u011bjak\u00fdm zp\u016fsobem nen\u00ed ve st\u0159edu obecn\u00e9 pozornosti nebo mo\u017en\u00e1 i presti\u017ee, z\u00e1jmu, neobvykl\u00e9 m\u00edsto, obor studia, profese, vztah. Tady nav\u00edc n\u011bco, co je dole, n\u00ed\u017ee, ne\u017e je hlavn\u00ed hala. N\u011bco, co je ukryt\u00e9 povrchn\u00edmu pohledu? Pod rovinou obecn\u00e9ho v\u011bdom\u00ed?<\/p>\n\n\n\n<p>Kdy\u017e u\u017e jde k&nbsp;n\u00e1stupi\u0161ti, uv\u011bdom\u00ed si, \u017ee m\u00e1 ta\u0161ku leh\u010d\u00ed a hez\u010d\u00ed, ne\u017e m\u011bl, kdy\u017e na n\u00e1dra\u017e\u00ed p\u0159i\u0161el. Nicm\u00e9n\u011b ve snu si je jist\u00fd, \u017ee i tahle je jeho, v\u016fbec ho nenapadne jin\u00e1 mo\u017enost. Rozhodne se vr\u00e1tit se pro tu starou a vz\u00edt si ob\u011b, p\u00e1r minut \u010dasu je\u0161t\u011b m\u00e1. Bez probl\u00e9m\u016f najde starou ta\u0161ku a u n\u00ed je\u0161t\u011b jednu, o kter\u00e9 tak\u00e9 v\u00ed, \u017ee je jeho, najde v&nbsp;n\u00ed p\u0159ipom\u00ednku n\u011b\u010deho, co u\u017e opustil. Rozhodne se vz\u00edt v\u0161echny t\u0159i. Jsou t\u011b\u017ek\u00e9, v\u00e1ha ho zdr\u017euje, kdy\u017e sp\u011bch\u00e1 k&nbsp;vlaku a je ot\u00e1zka, zda jej stihne, ale je rozhodnut\u00fd v\u0161echno p\u0159ebrat ve vlaku a n\u011bkter\u00fdch v\u011bc\u00ed se zbavit. <\/p>\n\n\n\n<p>Toto je n\u00e1m\u011bt o uva\u017eovan\u00ed nad t\u00edm, co v\u0161echno si \u010dlov\u011bk nese v&nbsp;\u017eivot\u011b s&nbsp;sebou, kolik star\u00fdch zvyk\u016f, p\u0159esv\u011bd\u010den\u00ed, ne\u017eiteln\u00fdch ment\u00e1ln\u00edch sch\u00e9mat a jak lehce dok\u00e1\u017ee odlo\u017eit, kolik toho odlo\u017eit nedok\u00e1\u017ee \u2013 v\u017edy\u0165 se to je\u0161t\u011b m\u016f\u017ee n\u011bjak hodit \u2013 a kolikr\u00e1t mu kv\u016fli tomu, \u017ee to v\u0161echno vl\u00e1\u010d\u00ed s&nbsp;sebou, ujel vlak. Robert si vzal i ta\u0161ku, kter\u00e1 se mi nel\u00edbila, s&nbsp;v\u011bcmi, kter\u00e9 u\u017e nepot\u0159ebuje. Vysv\u011btloval, \u017ee cht\u011bl je\u0161t\u011b prohl\u00e9dnout kapsy, co kdyby tam bylo n\u011bco d\u016fle\u017eit\u00e9ho. Aby to pou\u017eil, nebo aby ho to nekompromitovalo, kdyby to n\u011bkdo na\u0161el a\u017e ta\u0161ku odlo\u017e\u00ed? V\u0161echno unese \u2013 to je stopa i k ot\u00e1zk\u00e1m o fyzick\u00e9m zdrav\u00ed.<\/p>\n\n\n\n<p>Ka\u017ed\u00e1 z&nbsp;ot\u00e1zek otev\u00edr\u00e1 dal\u0161\u00ed a dal\u0161\u00ed, za pov\u0161imnut\u00ed stoj\u00ed t\u0159eba i p\u0159\u00e1telsk\u00e1 postava, kter\u00e1 jede jinam, ale z\u016fst\u00e1v\u00e1 v&nbsp;kontaktu. M\u016f\u017eeme zkoumat, co p\u0159inesl sen a co byla Robertova reakce ve snu, v&nbsp;jak\u00e9 situaci tak reaguje v&nbsp;bd\u011bl\u00e9m stavu, t\u0159eba vezme s&nbsp;sebou n\u011bco, co se mu nel\u00edb\u00ed, p\u0159et\u011b\u017euje se a\u017e skoro nest\u00edh\u00e1&#8230; To v\u0161echno jsou n\u00e1pov\u011bdy k uv\u011bdom\u011bn\u00ed souvislost\u00ed, ke zm\u011bn\u00e1m, kter\u00e9 je t\u0159eba ud\u011blat.<\/p>\n\n\n\n<p>P\u0159i pr\u00e1ci se snov\u00fdmi symboly se rozv\u00edj\u00ed ob\u011b hemisf\u00e9ry, obrazn\u00e9 i kauz\u00e1ln\u00ed my\u0161len\u00ed, schopnost vid\u011bt v\u011bci jinak, a p\u0159itom z\u016fstat nohama na zemi. Sd\u00edlen\u00ed ve skupin\u011b proud\u00ed jako \u017eiv\u00e1 voda a obohacuje v\u0161echny. <\/p>\n\n\n\n<p>Zaj\u00edm\u00e1 v\u00e1s takov\u00fd zp\u016fsob pr\u00e1ce? Pod\u00edvejte se <a href=\"https:\/\/www.adlerova.cz\/\">na web<\/a>, napi\u0161te mi <a href=\"https:\/\/www.adlerova.cz\/kontakt\/\">do kontaktn\u00edho formul\u00e1\u0159e<\/a> nebo na mail <a href=\"http:\/\/iva@adlerov\u00e1\">iva@adlerov\u00e1<\/a>, budu se t\u011b\u0161it na spole\u010dn\u00e1 setk\u00e1n\u00ed.<\/p>\n\n\n\n<p><em>Ilustra\u010dn\u00ed foto: Pixabay, text je publikov\u00e1n pod licenc\u00ed<\/em><a href=\"https:\/\/creativecommons.org\/licenses\/by-nc-nd\/4.0\/legalcode.cs\" target=\"_blank\" rel=\"noreferrer noopener\"><em> CC BY-NC-ND 4.0<\/em><\/a><\/p>\n\n\n\n<p><\/p>\n","protected":false},"excerpt":{"rendered":"<p>Dne\u0161n\u00ed blog inspiroval sen. Byl kr\u00e1sn\u00fd, pln\u00fd sm\u011brovek. Sny je toti\u017e t\u0159eba br\u00e1t v\u00e1\u017en\u011b a s respektem. Um\u011bt rozezn\u00e1vat ty, kter\u00e9 nesou zpr\u00e1vu, od t\u011bch, do kter\u00fdch se jen prop\u00ed\u0161e p\u0159etlak z minul\u00e9ho dne. A um\u011bt ty prvn\u00ed spr\u00e1vn\u011b de\u0161ifrovat. Proto jsem se rozhodla otev\u0159\u00edt op\u011bt skupinu pro pr\u00e1ci se sny. Zaj\u00edm\u00e1 v\u00e1s, co to znamen\u00e1?<\/p>\n","protected":false},"author":1,"featured_media":601,"comment_status":"closed","ping_status":"open","sticky":false,"template":"","format":"standard","meta":{"footnotes":""},"categories":[24,66,18,22,62,55],"tags":[78,53,63,79,57,77,51],"class_list":["post-600","post","type-post","status-publish","format-standard","has-post-thumbnail","hentry","category-analogie","category-badatelna","category-hledani-smyslu","category-osobnost","category-sny","category-transformace","tag-obrazne-mysleni","tag-programovani-mysli","tag-sny","tag-symbolika-snu","tag-transformace","tag-vyznam-snu","tag-zdravi"],"_links":{"self":[{"href":"https:\/\/www.blog.adlerova.cz\/index.php\/wp-json\/wp\/v2\/posts\/600","targetHints":{"allow":["GET"]}}],"collection":[{"href":"https:\/\/www.blog.adlerova.cz\/index.php\/wp-json\/wp\/v2\/posts"}],"about":[{"href":"https:\/\/www.blog.adlerova.cz\/index.php\/wp-json\/wp\/v2\/types\/post"}],"author":[{"embeddable":true,"href":"https:\/\/www.blog.adlerova.cz\/index.php\/wp-json\/wp\/v2\/users\/1"}],"replies":[{"embeddable":true,"href":"https:\/\/www.blog.adlerova.cz\/index.php\/wp-json\/wp\/v2\/comments?post=600"}],"version-history":[{"count":3,"href":"https:\/\/www.blog.adlerova.cz\/index.php\/wp-json\/wp\/v2\/posts\/600\/revisions"}],"predecessor-version":[{"id":604,"href":"https:\/\/www.blog.adlerova.cz\/index.php\/wp-json\/wp\/v2\/posts\/600\/revisions\/604"}],"wp:featuredmedia":[{"embeddable":true,"href":"https:\/\/www.blog.adlerova.cz\/index.php\/wp-json\/wp\/v2\/media\/601"}],"wp:attachment":[{"href":"https:\/\/www.blog.adlerova.cz\/index.php\/wp-json\/wp\/v2\/media?parent=600"}],"wp:term":[{"taxonomy":"category","embeddable":true,"href":"https:\/\/www.blog.adlerova.cz\/index.php\/wp-json\/wp\/v2\/categories?post=600"},{"taxonomy":"post_tag","embeddable":true,"href":"https:\/\/www.blog.adlerova.cz\/index.php\/wp-json\/wp\/v2\/tags?post=600"}],"curies":[{"name":"wp","href":"https:\/\/api.w.org\/{rel}","templated":true}]}}