{"id":522,"date":"2025-08-17T17:58:31","date_gmt":"2025-08-17T15:58:31","guid":{"rendered":"https:\/\/www.blog.adlerova.cz\/?p=522"},"modified":"2025-08-17T18:03:50","modified_gmt":"2025-08-17T16:03:50","slug":"na-kosteti-do-mikrokosmu","status":"publish","type":"post","link":"https:\/\/www.blog.adlerova.cz\/index.php\/2025\/08\/17\/na-kosteti-do-mikrokosmu\/","title":{"rendered":"Na ko\u0161t\u011bti do mikrokosmu"},"content":{"rendered":"\n<p>Ned\u011bln\u00ed r\u00e1no pln\u00e9 slunce, venku azuro s&nbsp;mal\u00fdmi b\u00edl\u00fdmi mr\u00e1\u010dky. Domy ve vnitrobloku se pomalu probouz\u00ed, ob\u010das se n\u011bkde otev\u0159e okno a hod\u00ed slune\u010dn\u00ed pras\u00e1tko soused\u016fm.<\/p>\n\n\n\n<p>Na balkon\u011b prot\u011bj\u0161\u00edho domu v&nbsp;nejvy\u0161\u0161\u00edm pat\u0159e stoj\u00ed \u017eena s&nbsp;ko\u0161t\u011btem. Promnu si o\u010di, abych se ujistila, \u017ee to nen\u00ed halucinace z&nbsp;film\u016f z&nbsp;prvn\u00ed republiky. M\u00e1 ko\u0161t\u011b polo\u017een\u00e9 p\u0159es z\u00e1bradl\u00ed balkonu a pe\u010dliv\u011b z&nbsp;n\u011bho ob\u00edr\u00e1 \u0161p\u00ednu, chom\u00e1\u010de sv\u00e9ho nepo\u0159\u00e1dku a pou\u0161t\u00ed je dol\u016f. Nazda\u0159b\u016fh, podle sm\u011bru v\u011btru se sn\u00e1\u0161ej\u00ed do spole\u010dn\u00e9ho dvora nebo na balkony byt\u016f pod n\u00ed. Je pe\u010dliv\u00e1, vezme ko\u0161t\u011b a chom\u00e1\u010de \u0161p\u00edny, kter\u00e9 se j\u00ed zachytily na hran\u011b balkonu za z\u00e1bradl\u00edm ko\u0161t\u011btem odmete tak\u00e9 ven, k&nbsp;soused\u016fm. Pak spokojen\u011b je\u0161t\u011b stejn\u00fdm zp\u016fsobem do\u010dist\u00ed ko\u0161t\u011b a zajde do sv\u00e9ho jist\u011b pe\u010dliv\u011b ukl\u00edzen\u00e9ho bytu. Vzpomn\u011bla jsem si, \u017ee u\u017e jsem ji ob\u010das vid\u011bla, jak se stejn\u011b zbavuje drobe\u010dk\u016f z&nbsp;ubrusu a nechci v\u011bd\u011bt, co v\u0161echno jsem nevid\u011bla.<\/p>\n\n\n\n<p>Zkou\u0161\u00edm si p\u0159edstavit, jak by se pan\u00ed c\u00edtila, kdyby m\u011bla vysypat to, co sype n\u011bkomu na balkon v&nbsp;ni\u017e\u0161\u00edch patrech, obyvateli toho bytu p\u0159\u00edmo na hlavu. D\u00edvat se mu do o\u010d\u00ed a vysypat mu na hlavu svou \u0161p\u00ednu.<\/p>\n\n\n\n<p>Uva\u017euji o tom, \u017ee makrokosmos je odrazem mikrokosmu a naopak. V\u0161ichni sv\u00fdm v\u011bdom\u00edm jedn\u00e1n\u00edm a nev\u011bdom\u00fdmi programy vytv\u00e1\u0159\u00edme spole\u010dn\u00e9 pole \u2013 tady zjevn\u011b s\u00edla spole\u010dn\u00e9 solidarity, v\u011bdom\u00ed zodpov\u011bdnosti za sv\u016fj vlastn\u00ed nepo\u0159\u00e1dek nen\u00ed tak siln\u00e1, aby takov\u00e9mu chov\u00e1n\u00ed zabr\u00e1nila.<\/p>\n\n\n\n<p>Uva\u017euji tak\u00e9 o tom, co ta situace p\u0159in\u00e1\u0161\u00ed m\u011b, proto\u017ee se nest\u00e1v\u00e1m jej\u00edm sv\u011bdkem n\u00e1hodou. Zrcadl\u00ed mi n\u011bco, co je ve mn\u011b. <br>Kde a v&nbsp;\u010dem se chov\u00e1m podobn\u011b? <br>Ne, ko\u0161t\u011b ani ubrusy z&nbsp;balkonu nevyklep\u00e1v\u00e1m, ale je n\u011bco, co \u201eodkl\u00edz\u00edm\u201c mimo sebe, a p\u0159itom bych si to pot\u0159ebovala po\u0159e\u0161it sama?<\/p>\n\n\n\n<p>Nahl\u00e9dnu do sv\u00e9ho vnit\u0159n\u00edho sv\u011bta a zkoum\u00e1m, kde je n\u011bco, co odhazuji p\u0159es palubu, p\u0159es plot partnera, p\u0159\u00e1tel, koleg\u016f. Jak zach\u00e1z\u00edm s\u00a0t\u00edm, co nepot\u0159ebuji nebo nechci, t\u0159eba s hn\u011bvem? Nebo kde odsouv\u00e1m \u0159e\u0161en\u00ed tak dlouho, a\u017e to ud\u011bl\u00e1 n\u011bkdo jin\u00fd? Samoz\u0159ejm\u011b se v\u017edycky n\u011bco najde, i kdy\u017e to ned\u011bl\u00e1m tak v\u011bdom\u011b, tak viditeln\u011b a s\u00a0po\u017eitkem, v\u00a0tom je \u017eena s\u00a0ko\u0161t\u011btem m\u016fj mistr.<\/p>\n\n\n\n<p>Pro\u010d te\u010f p\u00ed\u0161u o sob\u011b, a ne o n\u00ed nebo o tom, jak ten zlozvyk maj\u00ed ti v\u0161ichni okolo? Proto\u017ee to nejd\u016fle\u017eit\u011bj\u0161\u00ed je, \u017ee ten v\u00fdjev se odehr\u00e1l p\u0159ed m\u00fdma o\u010dima, v\u00a0m\u00e9m sv\u011bt\u011b, zrcadl\u00ed n\u011bco ve mn\u011b. M\u016f\u017ee se mi to l\u00edbit nebo ne, mohu se hn\u011bvat na v\u0161echno, co se mi nel\u00edb\u00ed okolo mne, ale to na tom nic nezm\u011bn\u00ed.<\/p>\n\n\n\n<p>Vn\u011bj\u0161\u00ed sv\u011bt je zrcadlo toho, co je uvnit\u0159 ka\u017ed\u00e9ho z n\u00e1s a t\u00edm, \u017ee si obrazn\u011b i doslova poklid\u00ed ka\u017ed\u00fd s\u00e1m v&nbsp;sob\u011b a u sebe, m\u016f\u017eeme jedin\u011b zm\u011bnit sv\u011bt vn\u011bj\u0161\u00ed. Cesta okolo sv\u011bta \u2013 toho vnit\u0159n\u00edho \u2013 je nekone\u010dn\u00e1. Nap\u00ednav\u00e1 a dokonal\u00e1 t\u00edm, \u017ee postupem \u010dasu je ten sv\u011bt v\u017edycky kr\u00e1sn\u011bj\u0161\u00ed ko\u0161at\u011bj\u0161\u00ed a barevn\u011bj\u0161\u00ed.<\/p>\n\n\n\n<p>Kdy\u017e se rozhl\u00e9dnete, co okolo sebe vid\u00edte? Co v\u00e1s roz\u010diluje? Co se v\u00e1m l\u00edb\u00ed? V\u017edycky je to odraz n\u011b\u010deho, co m\u00e1te uvnit\u0159 sebe. Pokud to nen\u00ed dokonal\u00e9, m\u016f\u017eete to zm\u011bnit a t\u00edm tot\u00e9\u017e zm\u011bn\u00edte i venku. Pokud je to dobr\u00e9, pro radost, t\u011b\u0161te se t\u00edm a t\u00edm, jak stejn\u00e9 k&nbsp;v\u00e1m p\u0159ich\u00e1z\u00ed zven\u010d\u00ed.<\/p>\n\n\n\n<p>C\u00edt\u00edte se jako tv\u016frci sv\u011bta, ve kter\u00e9m \u017eijete? Pokud ne, p\u0159ij\u010fte  21. 10 2025 do Maitrey na ve\u010der pro odv\u00e1\u017en\u00e9, na skupinov\u00e9 kou\u010dov\u00e1n\u00ed, kde si budete moci vyzkou\u0161et praktick\u00e9 kroky k tomu, jak si vytvo\u0159it z\u00e1m\u011br, c\u00edl a jak ho dos\u00e1hnout. Jak trvale m\u011bnit sv\u016fj \u017eivot a sv\u00e9 okol\u00ed p\u0159irozen\u00fdm a jemn\u00fdm zp\u016fsobem p\u016fsoben\u00edm sv\u00e9 vnit\u0159n\u00ed autority. V\u00edce informac\u00ed najdete v sekci Aktuality na <a href=\"http:\/\/www.adlerova.cz\" target=\"_blank\" rel=\"noreferrer noopener\">m\u00e9m webu<\/a> a brzy na webu Maitrey.<\/p>\n\n\n\n<p><em><em>Ilustra\u010dn\u00ed foto: Pixabay<\/em><\/em>, <em>text je publikov\u00e1n pod licenc\u00ed<\/em> <a href=\"https:\/\/creativecommons.org\/licenses\/by-nc-nd\/4.0\/legalcode.cs\" target=\"_blank\" rel=\"noreferrer noopener\">CC BY-NC-ND 4.0<\/a>&nbsp;<\/p>\n\n\n\n<p><\/p>\n","protected":false},"excerpt":{"rendered":"<p>Na balkon\u011b prot\u011bj\u0161\u00edho domu v\u00a0nejvy\u0161\u0161\u00edm pat\u0159e stoj\u00ed \u017eena. M\u00e1 ko\u0161t\u011b polo\u017een\u00e9 p\u0159es z\u00e1bradl\u00ed balkonu, pe\u010dliv\u011b z\u00a0n\u011bho ob\u00edr\u00e1 chom\u00e1\u010de sv\u00e9ho nepo\u0159\u00e1dku a odhazuje je dol\u016f. U\u017e v\u00edm, \u017ee se nest\u00e1v\u00e1m sv\u011bdkem t\u00e9 situace n\u00e1hodou. Makrokosmos zrcadl\u00ed n\u011bco z m\u00e9ho mikrokosmu, n\u011bco, co je ve mn\u011b. Pro\u010d te\u010f p\u00ed\u0161u o sob\u011b a ne o n\u00ed, nebo o tom, jak ten zlozvyk maj\u00ed ti v\u0161ichni okolo? <\/p>\n","protected":false},"author":1,"featured_media":523,"comment_status":"closed","ping_status":"open","sticky":false,"template":"","format":"standard","meta":{"footnotes":""},"categories":[54,22,23,55],"tags":[42,61,60,10,57,43],"class_list":["post-522","post","type-post","status-publish","format-standard","has-post-thumbnail","hentry","category-koucovani","category-osobnost","category-spolecnost","category-transformace","tag-dospelost","tag-mentalni-programovani","tag-mysl","tag-osobnost","tag-transformace","tag-zodpovednost"],"_links":{"self":[{"href":"https:\/\/www.blog.adlerova.cz\/index.php\/wp-json\/wp\/v2\/posts\/522","targetHints":{"allow":["GET"]}}],"collection":[{"href":"https:\/\/www.blog.adlerova.cz\/index.php\/wp-json\/wp\/v2\/posts"}],"about":[{"href":"https:\/\/www.blog.adlerova.cz\/index.php\/wp-json\/wp\/v2\/types\/post"}],"author":[{"embeddable":true,"href":"https:\/\/www.blog.adlerova.cz\/index.php\/wp-json\/wp\/v2\/users\/1"}],"replies":[{"embeddable":true,"href":"https:\/\/www.blog.adlerova.cz\/index.php\/wp-json\/wp\/v2\/comments?post=522"}],"version-history":[{"count":5,"href":"https:\/\/www.blog.adlerova.cz\/index.php\/wp-json\/wp\/v2\/posts\/522\/revisions"}],"predecessor-version":[{"id":528,"href":"https:\/\/www.blog.adlerova.cz\/index.php\/wp-json\/wp\/v2\/posts\/522\/revisions\/528"}],"wp:featuredmedia":[{"embeddable":true,"href":"https:\/\/www.blog.adlerova.cz\/index.php\/wp-json\/wp\/v2\/media\/523"}],"wp:attachment":[{"href":"https:\/\/www.blog.adlerova.cz\/index.php\/wp-json\/wp\/v2\/media?parent=522"}],"wp:term":[{"taxonomy":"category","embeddable":true,"href":"https:\/\/www.blog.adlerova.cz\/index.php\/wp-json\/wp\/v2\/categories?post=522"},{"taxonomy":"post_tag","embeddable":true,"href":"https:\/\/www.blog.adlerova.cz\/index.php\/wp-json\/wp\/v2\/tags?post=522"}],"curies":[{"name":"wp","href":"https:\/\/api.w.org\/{rel}","templated":true}]}}