{"id":508,"date":"2025-08-10T21:24:58","date_gmt":"2025-08-10T19:24:58","guid":{"rendered":"https:\/\/www.blog.adlerova.cz\/?p=508"},"modified":"2025-08-10T21:45:05","modified_gmt":"2025-08-10T19:45:05","slug":"pohodlna-bida-nebo-nekonecne-nebe","status":"publish","type":"post","link":"https:\/\/www.blog.adlerova.cz\/index.php\/2025\/08\/10\/pohodlna-bida-nebo-nekonecne-nebe\/","title":{"rendered":"Pohodln\u00e1 b\u00edda nebo nekone\u010dn\u00e9 nebe?"},"content":{"rendered":"\n<p>Jsme jako pt\u00e1ci v\u00a0kleci, u kter\u00e9 jsou pootev\u0159en\u00e9 dve\u0159e. Po\u0161ilh\u00e1v\u00e1me ven, proto\u017ee l\u00e9tat je tak vzru\u0161uj\u00edc\u00ed a nepopsateln\u011b kr\u00e1sn\u00e9. Mnohokr\u00e1t jsme to vid\u011bli p\u0159es m\u0159\u00ed\u017ee klece, oknem i na v\u0161emo\u017en\u00fdch obrazovk\u00e1ch.<\/p>\n\n\n\n<p>L\u00e9tat s\u00e1m i l\u00e9tat v&nbsp;hejnu mus\u00ed b\u00fdt kr\u00e1sa, m\u00edt nebe pro sebe nebo l\u00e9tat s&nbsp;tolika jin\u00fdmi pt\u00e1ky.<\/p>\n\n\n\n<p>Ale \u2013 sta\u010dili bychom na to? I kdybychom l\u00e9tali sami, v\u017edycky m\u016f\u017ee n\u011bjak\u00fd jin\u00fd pt\u00e1k p\u0159ilet\u011bt. A neklovl by n\u00e1s n\u011bkter\u00fd ciz\u00ed pt\u00e1k? Zkou\u0161\u00edme si ten z\u00e1\u017eitek letu i spole\u010denstv\u00ed v&nbsp;s\u00edle hejna p\u0159edstavit, napneme nohy na bid\u00fdlku a rozt\u00e1hneme trochu k\u0159\u00eddla, kr\u00e1sa! Ale \u2013 !<\/p>\n\n\n\n<p>Co kdy\u017e by klovl. A i na modr\u00e9 obloze l\u00e9taj\u00ed dravci! A co kdy\u017e n\u00e1s hejno neochr\u00e1n\u00ed! Nikdo n\u00e1s tam nezn\u00e1. Bude foukat v\u00edtr. Bude pr\u0161et, kroupy, blesky\u2026 Bude zima! Bude p\u00e1lit slunce! Tolik bychom se toho museli nau\u010dit\u2026 A co kdy\u017e nebude nikde co sezobnout, nikdo nep\u0159inese misku zrn\u00ed a vodu, je t\u0159eba se starat o spoustu v\u011bc\u00ed a nic nen\u00ed jist\u00e9.<\/p>\n\n\n\n<p>Tak\u017ee?<\/p>\n\n\n\n<p>Pro\u010d vlastn\u011b chceme z\u016fst\u00e1vat v&nbsp;kleci? Pro\u010d vym\u011bn\u00edme voln\u00e9 nebe, svobodu a rozlet za pohodlnou b\u00eddu, ochabl\u00e1 k\u0159\u00eddla a misku naplesniv\u011bl\u00e9ho zrn\u00ed?<\/p>\n\n\n\n<p>Je to jistota. Krmen\u00ed. Bezpe\u010d\u00ed. Pohodl\u00ed. Klec, kterou zn\u00e1me. <\/p>\n\n\n\n<p>Je je\u0161t\u011b takov\u00fd pt\u00e1k pt\u00e1kem? Pt\u00e1ci b\u00fdvali vid\u011bn\u00ed jako bo\u017esk\u00e1 zjeven\u00ed, umo\u017e\u0148uj\u00edc\u00ed v\u00fdstup do vy\u0161\u0161\u00edch \u00farovn\u00ed v\u011bdom\u00ed. Poslov\u00e9 boh\u016f. Co z obsahu&nbsp;t\u011bch obraz\u016f zbyde, kdyby m\u011bl b\u00fdt jejich zt\u011blesn\u011bn\u00edm tvor, kter\u00fd nel\u00e9t\u00e1 pod nebem, ale sed\u00ed v&nbsp;kleci? K\u0159\u00eddla u\u017e ho neunesou a vlastn\u011b nev\u00ed, k&nbsp;\u010demu je m\u00e1?<\/p>\n\n\n\n<p>Podobn\u011b \u010dlov\u011bk je obrazem bo\u017estv\u00ed, mikrokosmem jako obrazem makrokosmu, univers\u00e1ln\u00ed existenc\u00ed, poj\u00edtkem nebe a zem\u011b. Co ze siln\u00e9ho obsahu toho obrazu zbyde, kdy\u017e se \u010dlov\u011bk vzd\u00e1 vlastn\u00edho my\u0161len\u00ed, c\u00edt\u011bn\u00ed a v\u016fle, a osobnost vym\u011bn\u00ed za iluzorn\u00ed \u017eivotn\u00ed jistoty a stejn\u011b iluzorn\u00ed bezpe\u010d\u00ed pod\u0159\u00edzenosti vn\u011bj\u0161\u00edm autorit\u00e1m?<\/p>\n\n\n\n<p>Dokud m\u00e1 pt\u00e1k je\u0161t\u011b zbytek zdrav\u00e9ho instinktu a touhy l\u00e9tat, m\u00e1 je\u0161t\u011b \u0161anci. Nemus\u00ed na to b\u00fdt s\u00e1m. Jakmile se postav\u00ed do otev\u0159en\u00fdch dv\u00ed\u0159ek klece, uvid\u00ed ho i v\u0161ichni ti, kte\u0159\u00ed u\u017e pochopili tu past, u\u017e l\u00e9tat za\u010dali a budou ho podporovat. To je s\u00edla hejna, kter\u00e1 s\u00edlu jednotlivc\u016f nes\u010d\u00edt\u00e1, ale n\u00e1sob\u00ed. Tak\u017ee?<\/p>\n\n\n\n<p><em><em>Ilustra\u010dn\u00ed foto: Pixabay<\/em><\/em>, <em>text je publikov\u00e1n pod licenc\u00ed<\/em> <a href=\"https:\/\/creativecommons.org\/licenses\/by-nc-nd\/4.0\/legalcode.cs\" target=\"_blank\" rel=\"noreferrer noopener\">CC BY-NC-ND 4.0<\/a>\u00a0<\/p>\n\n\n\n<p><\/p>\n","protected":false},"excerpt":{"rendered":"<p>Jsme jako pt\u00e1ci v kleci, u kter\u00e9 jsou pootev\u0159en\u00e9 dve\u0159e. Po\u0161ilh\u00e1v\u00e1me ven, proto\u017ee l\u00e9tat je tak vzru\u0161uj\u00edc\u00ed a nepopsateln\u011b kr\u00e1sn\u00e9. Pro\u010d chceme z\u016fst\u00e1vat v\u00a0kleci? Pro\u010d vym\u011bn\u00edme voln\u00e9 nebe, svobodu a rozlet za pohodlnou b\u00eddu, ochabl\u00e1 k\u0159\u00eddla a misku naplesniv\u011bl\u00e9ho zrn\u00ed?<\/p>\n","protected":false},"author":1,"featured_media":509,"comment_status":"closed","ping_status":"open","sticky":false,"template":"","format":"standard","meta":{"footnotes":""},"categories":[54,22,55],"tags":[42,10,36,57],"class_list":["post-508","post","type-post","status-publish","format-standard","has-post-thumbnail","hentry","category-koucovani","category-osobnost","category-transformace","tag-dospelost","tag-osobnost","tag-sebeduvera","tag-transformace"],"_links":{"self":[{"href":"https:\/\/www.blog.adlerova.cz\/index.php\/wp-json\/wp\/v2\/posts\/508","targetHints":{"allow":["GET"]}}],"collection":[{"href":"https:\/\/www.blog.adlerova.cz\/index.php\/wp-json\/wp\/v2\/posts"}],"about":[{"href":"https:\/\/www.blog.adlerova.cz\/index.php\/wp-json\/wp\/v2\/types\/post"}],"author":[{"embeddable":true,"href":"https:\/\/www.blog.adlerova.cz\/index.php\/wp-json\/wp\/v2\/users\/1"}],"replies":[{"embeddable":true,"href":"https:\/\/www.blog.adlerova.cz\/index.php\/wp-json\/wp\/v2\/comments?post=508"}],"version-history":[{"count":11,"href":"https:\/\/www.blog.adlerova.cz\/index.php\/wp-json\/wp\/v2\/posts\/508\/revisions"}],"predecessor-version":[{"id":521,"href":"https:\/\/www.blog.adlerova.cz\/index.php\/wp-json\/wp\/v2\/posts\/508\/revisions\/521"}],"wp:featuredmedia":[{"embeddable":true,"href":"https:\/\/www.blog.adlerova.cz\/index.php\/wp-json\/wp\/v2\/media\/509"}],"wp:attachment":[{"href":"https:\/\/www.blog.adlerova.cz\/index.php\/wp-json\/wp\/v2\/media?parent=508"}],"wp:term":[{"taxonomy":"category","embeddable":true,"href":"https:\/\/www.blog.adlerova.cz\/index.php\/wp-json\/wp\/v2\/categories?post=508"},{"taxonomy":"post_tag","embeddable":true,"href":"https:\/\/www.blog.adlerova.cz\/index.php\/wp-json\/wp\/v2\/tags?post=508"}],"curies":[{"name":"wp","href":"https:\/\/api.w.org\/{rel}","templated":true}]}}