{"id":483,"date":"2025-07-27T18:25:14","date_gmt":"2025-07-27T16:25:14","guid":{"rendered":"https:\/\/www.blog.adlerova.cz\/?p=483"},"modified":"2025-07-27T19:29:44","modified_gmt":"2025-07-27T17:29:44","slug":"svoboda-uklid-a-transformace","status":"publish","type":"post","link":"https:\/\/www.blog.adlerova.cz\/index.php\/2025\/07\/27\/svoboda-uklid-a-transformace\/","title":{"rendered":"Svoboda, \u00faklid a transformace"},"content":{"rendered":"\n<p>Na internetu jsem na\u0161la \u010dl\u00e1nek s&nbsp;titulkem \u201eVnit\u0159n\u00ed sv\u011bt je posledn\u00ed m\u00edsto, kde jsme opravdu svobodn\u00ed\u201c. N\u011bco mi v titulku nerezonovalo a zjistila jsem, \u017ee nesouhlas\u00edm se slovem \u201eposledn\u00ed\u201c. Tak jak vn\u00edm\u00e1m p\u0159\u00edb\u011bhy, se kter\u00fdmi se setk\u00e1v\u00e1m, je svoboda uvnit\u0159 naopak prvn\u00edm m\u00edstem, kde se m\u016f\u017eeme potkat sami se sebou a ujasnit si, co to svoboda v\u016fbec je. Odtud pak vych\u00e1z\u00edme do vn\u011bj\u0161\u00edho sv\u011bta, na z\u00e1klad\u011b toho, jak se vztahujeme k&nbsp;sob\u011b, tvo\u0159\u00edme sv\u00e9 vn\u011bj\u0161\u00ed vztahy, stejnou harmonii, jakou m\u00e1me ve sv\u00e9m vnit\u0159n\u00edm sv\u011bt\u011b, vytv\u00e1\u0159\u00edme ve sv\u00e9m sv\u011bt\u011b vn\u011bj\u0161\u00edm.<\/p>\n\n\n\n<p>Vnit\u0159n\u00ed sv\u011bt tedy nevn\u00edm\u00e1m jako posledn\u00ed \u00fato\u010di\u0161t\u011b, ale sp\u00ed\u0161 jako bezpe\u010dn\u00fd prostor, domov, ve kter\u00e9m p\u0159eb\u00fdv\u00e1 na\u0161e skute\u010dn\u00e9 J\u00e1, odtud m\u016f\u017eeme \u010derpat energii a tam jsme t\u00edm, k\u00fdm se pro vn\u011bj\u0161\u00ed sv\u011bt m\u016f\u017eeme st\u00e1t. A tak, jak objevujeme a uspo\u0159\u00e1d\u00e1v\u00e1me sv\u016fj vnit\u0159n\u00ed prostor, t\u0159\u00edd\u00edme to, co n\u00e1m pat\u0159\u00ed a co jsme n\u011bkde dostali a jen n\u00e1m to p\u0159ek\u00e1\u017e\u00ed, st\u00e1v\u00e1me se sami sebou i pro vn\u011bj\u0161\u00ed sv\u011bt. Zevnit\u0159 vych\u00e1z\u00edme ven. Skrze sebe se vztahujeme k&nbsp;druh\u00fdm.<\/p>\n\n\n\n<p>N\u011bkdy se m\u016f\u017eeme setkat s\u00a0v\u00fdrokem \u201eto co je uvnit\u0159, je jako to, co je venku, a to, co je venku, je jako to, co je uvnit\u0159\u201c. A skute\u010dn\u011b, kdy\u017e pozorn\u011b sleduji projevy \u010dlov\u011bka ve vn\u011bj\u0161\u00edm sv\u011bt\u011b, vid\u00edm i n\u00e1pov\u011bdu k\u00a0tomu, jak vypad\u00e1 jeho vnit\u0159n\u00ed sv\u011bt a jak v sou\u010dasnosti \u017eije nebo ne\u017eije svou nejlep\u0161\u00ed mo\u017enost\u00ed. \u010clov\u011bk, kter\u00fd m\u00e1 okolo sebe nepo\u0159\u00e1dek, pravd\u011bpodobn\u011b je\u0161t\u011b nem\u00e1 uspo\u0159\u00e1dan\u00e9 ani sv\u00e9 z\u00e1sady, hodnoty, vztahy. \u010clov\u011bk, kter\u00fd nadu\u017e\u00edv\u00e1 intelekt a nen\u00ed ani trochu flexibiln\u00ed, tv\u016fr\u010d\u00ed, nem\u00e1 pravd\u011bpodobn\u011b, jak se \u0159\u00edk\u00e1, svobodn\u00e9ho ducha. Jeho svobodn\u00fd duch v\u0161ak \u010dek\u00e1 uvnit\u0159 na svou p\u0159\u00edle\u017eitost. Kdy\u017e \u010dek\u00e1 dlouho, osud po\u0161le n\u00e1pov\u011bdu, kter\u00e1 mo\u017en\u00e1 vypad\u00e1 jako \u017eivotn\u00ed katastrofa, ale je to \u0161ance k r\u016fstu.<\/p>\n\n\n\n<p>\u010c\u00edm v\u00edce jsme pak venku t\u00edm, k\u00fdm jsme uvnit\u0159, t\u00edm v\u00edce jsme d\u016fv\u011bryhodn\u00ed a autenti\u010dt\u00ed (z \u0159eck\u00e9ho <em>authentikos<\/em> \u2013 skute\u010dn\u00fd, p\u016fvodn\u00ed, ale tak\u00e9 se vztahem k&nbsp;<em>authentes \u2013<\/em> autor) t\u00edm harmoni\u010dt\u011bj\u0161\u00ed sv\u011bt na z\u00e1klad\u011b principu rezonance je okolo n\u00e1s, vytv\u00e1\u0159\u00edme jej. Spolutvo\u0159\u00edme jej. Spole\u010dn\u011b s&nbsp;k\u00fdm? Minim\u00e1ln\u011b s&nbsp;lidmi okolo n\u00e1s a pak je na n\u00e1s, jestli a jak se vztahujeme k&nbsp;tomu, co \u010dlov\u011bka p\u0159esahuje. V\u00edm ale, \u017ee v\u011bt\u0161ina m\u00fdch klient\u016f se s&nbsp;pot\u0159ebou uchopen\u00ed tohoto vztahu ve sv\u00e9m vnit\u0159n\u00edm sv\u011bt\u011b setk\u00e1v\u00e1 a proces, kter\u00fdm pak proch\u00e1zej\u00ed, u\u017e pat\u0159\u00ed k&nbsp;hluboce osobn\u00edm transcendentn\u00edm z\u00e1\u017eitk\u016fm.<\/p>\n\n\n\n<p>Proces integrace osobnosti je ve sv\u00e9 podstat\u011b tedy objevov\u00e1n\u00edm vnit\u0159n\u00edho sv\u011bta, \u00faklidem a t\u0159\u00edd\u011bn\u00ed toho, co je va\u0161e a co nen\u00ed, a pozn\u00e1v\u00e1n\u00ed a p\u0159ij\u00edm\u00e1n\u00ed v\u0161ech sv\u00fdch schopnost\u00ed, talent\u016f a dar\u016f osudu. Prov\u00e1zen\u00ed t\u00edm procesem je v&nbsp;m\u00e9m ch\u00e1p\u00e1n\u00ed i podstata <a href=\"https:\/\/www.adlerova.cz\/\">transforma\u010dn\u00edho kou\u010dov\u00e1n\u00ed<\/a>. Je dobr\u00e9 si ud\u011blat \u010das a prostor pro \u00faklid toho prostoru, kde jste skute\u010dn\u011b \u201edoma\u201c. Z\u00edsk\u00e1te t\u00edm neot\u0159esitelnou jistotu sami sebe v&nbsp;kontextu \u017eivota a sv\u011bta a \u017e\u00e1dn\u00e1 vn\u011bj\u0161\u00ed bou\u0159e v\u00e1s u\u017e z&nbsp;ko\u0159en\u016f nevytrhne.<\/p>\n\n\n\n<p>M\u00e1te i Vy z\u00e1jem o prov\u00e1zen\u00ed procesem hlubok\u00e9 vnit\u0159n\u00ed integrace a transforma\u010dn\u00edch proces\u016f? Ozv\u011bte se mi na e-mail: <a href=\"mailto:iva@adlerova.cz\">iva@adlerova.cz<\/a>.<\/p>\n\n\n\n<p>&nbsp;<em>Ilustra\u010dn\u00ed foto: Unsplash, text je publikov\u00e1n pod licenc\u00ed<a href=\"https:\/\/creativecommons.org\/licenses\/by-nc-nd\/4.0\/legalcode.cs\" target=\"_blank\" rel=\"noreferrer noopener\"> CC BY-NC-ND 4.0<\/a><\/em><\/p>\n\n\n\n<p><\/p>\n","protected":false},"excerpt":{"rendered":"<p>N\u011bkdy se m\u016f\u017eeme setkat s\u00a0v\u00fdrokem \u201eto co je uvnit\u0159, je jako to, co je venku, a to, co je venku, je jako to, co je uvnit\u0159\u201c. A skute\u010dn\u011b, kdy\u017e pozorn\u011b sleduji projevy \u010dlov\u011bka ve vn\u011bj\u0161\u00edm sv\u011bt\u011b, vid\u00edm i n\u00e1pov\u011bdu k\u00a0tomu, jak vypad\u00e1 jeho vnit\u0159n\u00ed sv\u011bt. \u010clov\u011bk, kter\u00fd m\u00e1 okolo sebe nepo\u0159\u00e1dek, pravd\u011bpodobn\u011b je\u0161t\u011b nem\u00e1 uspo\u0159\u00e1dan\u00e9 ani sv\u00e9 z\u00e1sady, hodnoty, vztahy. \u010clov\u011bk, kter\u00fd nadu\u017e\u00edv\u00e1 intelekt a nen\u00ed ani trochu flexibiln\u00ed, tv\u016fr\u010d\u00ed, nem\u00e1 pravd\u011bpodobn\u011b, jak se \u0159\u00edk\u00e1, svobodn\u00e9ho ducha&#8230;<\/p>\n","protected":false},"author":1,"featured_media":484,"comment_status":"closed","ping_status":"open","sticky":false,"template":"","format":"standard","meta":{"footnotes":""},"categories":[18,54,22,55],"tags":[42,31,10,36,59,58,57,35],"class_list":["post-483","post","type-post","status-publish","format-standard","has-post-thumbnail","hentry","category-hledani-smyslu","category-koucovani","category-osobnost","category-transformace","tag-dospelost","tag-koucovani","tag-osobnost","tag-sebeduvera","tag-svoboda","tag-transcendence","tag-transformace","tag-vira"],"_links":{"self":[{"href":"https:\/\/www.blog.adlerova.cz\/index.php\/wp-json\/wp\/v2\/posts\/483","targetHints":{"allow":["GET"]}}],"collection":[{"href":"https:\/\/www.blog.adlerova.cz\/index.php\/wp-json\/wp\/v2\/posts"}],"about":[{"href":"https:\/\/www.blog.adlerova.cz\/index.php\/wp-json\/wp\/v2\/types\/post"}],"author":[{"embeddable":true,"href":"https:\/\/www.blog.adlerova.cz\/index.php\/wp-json\/wp\/v2\/users\/1"}],"replies":[{"embeddable":true,"href":"https:\/\/www.blog.adlerova.cz\/index.php\/wp-json\/wp\/v2\/comments?post=483"}],"version-history":[{"count":10,"href":"https:\/\/www.blog.adlerova.cz\/index.php\/wp-json\/wp\/v2\/posts\/483\/revisions"}],"predecessor-version":[{"id":496,"href":"https:\/\/www.blog.adlerova.cz\/index.php\/wp-json\/wp\/v2\/posts\/483\/revisions\/496"}],"wp:featuredmedia":[{"embeddable":true,"href":"https:\/\/www.blog.adlerova.cz\/index.php\/wp-json\/wp\/v2\/media\/484"}],"wp:attachment":[{"href":"https:\/\/www.blog.adlerova.cz\/index.php\/wp-json\/wp\/v2\/media?parent=483"}],"wp:term":[{"taxonomy":"category","embeddable":true,"href":"https:\/\/www.blog.adlerova.cz\/index.php\/wp-json\/wp\/v2\/categories?post=483"},{"taxonomy":"post_tag","embeddable":true,"href":"https:\/\/www.blog.adlerova.cz\/index.php\/wp-json\/wp\/v2\/tags?post=483"}],"curies":[{"name":"wp","href":"https:\/\/api.w.org\/{rel}","templated":true}]}}