{"id":462,"date":"2025-07-06T17:40:49","date_gmt":"2025-07-06T15:40:49","guid":{"rendered":"https:\/\/www.blog.adlerova.cz\/?p=462"},"modified":"2025-07-06T17:40:49","modified_gmt":"2025-07-06T15:40:49","slug":"poklad-na-konci-duhy","status":"publish","type":"post","link":"https:\/\/www.blog.adlerova.cz\/index.php\/2025\/07\/06\/poklad-na-konci-duhy\/","title":{"rendered":"Poklad na konci duhy"},"content":{"rendered":"\n<p>U\u017e p\u0159ed \u010dasem jsem psala o tom, \u017ee archetyp\u00e1ln\u00ed symboly ulo\u017een\u00e9 v&nbsp;kolektivn\u00edm podv\u011bdom\u00ed jako navigace, jako z\u00e1klad sv\u011bdom\u00ed a zdrav\u00e9ho du\u0161evn\u00edho \u017eivota je mo\u017en\u00e9 \u00fa\u010delov\u011b zneu\u017e\u00edt.<\/p>\n\n\n\n<p>Je mo\u017en\u00e9 je vypr\u00e1zdnit, p\u0159ekr\u00fdt je pok\u0159iven\u00fdm a egu vyhovuj\u00edc\u00edm l\u00e1kav\u00fdm obsahem. Je to velk\u00e9 nebezpe\u010d\u00ed p\u0159edev\u0161\u00edm pro mlad\u00e9ho \u010dlov\u011bka, proto\u017ee nem\u00e1 je\u0161t\u011b rozvinut\u00e9 pozn\u00e1n\u00ed, d\u00e1 se nal\u00e1kat na n\u011bco, co mu konvenuje, co je pro mladou a tv\u00e1rnou du\u0161i neodolateln\u00e9 a co k&nbsp;t\u00e9to \u017eivotn\u00ed etap\u011b pat\u0159\u00ed, t\u0159eba odpor k&nbsp;tomu, co je star\u00e9.<\/p>\n\n\n\n<p>Jedn\u00edm z&nbsp;t\u011bchto symbol\u016f par excelence je duha. Nebudu ps\u00e1t o pok\u0159iven\u00e9m obsahu, toho je okolo n\u00e1s v\u00edc ne\u017e dost, pokus\u00edm se o opak, pokus\u00edm se p\u0159edstavit va\u0161i du\u0161i skute\u010dn\u00fd obraz a smysl duhy.<\/p>\n\n\n\n<p>Pythagoras pr\u00fd pou\u017eil poetick\u00fd obraz, \u017ee duha jsou letokruhy slunce. Podle knihy Genesis je duha smlouvou mezi Bohem a ve\u0161ker\u00fdm \u017eiv\u00fdm tvorstvem na Zemi, slibem Noemu, \u017ee u\u017e nikdy nebude potopa.<\/p>\n\n\n\n<p>M\u016f\u017eeme tak\u00e9 \u0159\u00edci, \u017ee barvy duhy jsou sv\u00fdm zp\u016fsobem u\u017e projeven\u00e9, viditeln\u00e9, ale je\u0161t\u011b ne zhmotn\u011bn\u00e9 sv\u011btlo. Jako most mezi sv\u011btem horn\u00edm a doln\u00edm, nezjeven\u00fdm a zjevn\u00fdm, sv\u011btem idej\u00ed a na\u0161\u00edm sv\u011btem hmotn\u00fdm, poznateln\u00fdm p\u011bti smysly.<\/p>\n\n\n\n<p>Kdy\u017e se d\u00edv\u00e1me b\u011b\u017en\u00fdma o\u010dima, se sluncem za z\u00e1dy uvid\u00edme na tmav\u00e9 obla\u010dn\u00e9 hradb\u011b oblouk duhy, zevn\u011b \u010derven\u00fd, p\u0159ech\u00e1zej\u00edc\u00ed do modrofialov\u00e9 uvnit\u0159. Od aktivn\u00ed barvy, barvy ohn\u011b a v\u016fle, kter\u00e1 sm\u011b\u0159uje ven, do okoln\u00edho sv\u011bta, p\u0159es zelenou k&nbsp;barv\u011b modrofialov\u00e9, barv\u011b klidu a nekon\u00e1n\u00ed, zamy\u0161len\u00ed a usebr\u00e1n\u00ed.<\/p>\n\n\n\n<p>Kdy\u017e budeme vn\u00edmat to, co je skryt\u00e9, porozum\u00edme, \u017ee na rovin\u011b na\u0161\u00ed du\u0161e se tento oblouk zrcadl\u00ed a vede n\u00e1s v\u0161ak opa\u010dn\u011b. Ve fialov\u00e9, kter\u00e1 transcenduje, dosahujeme a\u017e k&nbsp;nekone\u010dn\u00fdm d\u00e1lk\u00e1m. V&nbsp;modr\u00e9 n\u00e1s vede ke klidu v&nbsp;du\u0161i. V&nbsp;zelen\u00e9 jako by se du\u0161e propojila s&nbsp;pozemskou \u017eivotn\u00ed silou, se v\u0161\u00edm kl\u00ed\u010d\u00edc\u00edm, rostouc\u00edm, kvetouc\u00edm. Definitivn\u011b sestupujeme na Zemi, na\u0161lapujeme do rann\u00ed rosy, do bujn\u00e9 a \u0161\u0165avnat\u00e9 zelen\u00e9 tr\u00e1vy. U\u010d\u00edme se ch\u00e1pat v\u0161echno \u017eiv\u00e9, v\u0161echny bytosti sv\u011bta.<\/p>\n\n\n\n<p>Ve \u017elut\u00e9 se zpev\u0148uje na\u0161e v\u011bdom\u00ed sama sebe, na\u0161e j\u00e1 v&nbsp;tomto sv\u011bt\u011b. A kdy\u017e za\u010dne zlato\u017elut\u00e1 p\u0159ech\u00e1zet do oran\u017eov\u00e9, m\u016f\u017eeme poc\u00edtit vnit\u0159n\u00ed teplo, sv\u016fj vlastn\u00ed charakter, letoru a v&nbsp;\u010dist\u00e9 \u010derveni vych\u00e1z\u00edme ze sebe a vztahujeme se k&nbsp;okol\u00ed, u\u010d\u00ed n\u00e1s&nbsp;l\u00e1sce a soucitu, radosti.<\/p>\n\n\n\n<p>Duha je ryze osobn\u00ed, ka\u017ed\u00fd \u010dlov\u011bk ji vid\u00ed trochu jinak a ka\u017ed\u00fd vid\u00ed svou, pohybuje se spole\u010dn\u011b s&nbsp;n\u00e1mi.<\/p>\n\n\n\n<p>Sou\u010dasn\u011b se k&nbsp;n\u00ed nem\u016f\u017eeme p\u0159ibl\u00ed\u017eit, nech\u00e1v\u00e1 na\u0161\u00ed individualit\u011b prostor.<\/p>\n\n\n\n<p>M\u016f\u017ee n\u00e1s napadnout, \u017ee Hom\u00e9r neznal slovo pro modrou, m\u016f\u017eeme se pt\u00e1t, co schopnost vid\u011bt modrou p\u0159ineslo, kdy\u017e se objevuje a\u017e v&nbsp;prvn\u00edm stolet\u00ed \u2013 m\u016f\u017ee to souviset s uv\u011bdomov\u00e1n\u00ed si vlastn\u00ed individuality, vlastn\u00ed du\u0161e?<\/p>\n\n\n\n<p>M\u016f\u017ee n\u00e1s napadnout \u0159ada dal\u0161\u00edch ot\u00e1zek, t\u0159eba jak odpov\u00eddaj\u00ed barvy planet\u00e1rn\u00edm archetyp\u016fm? Nebo co si vybav\u00edte jako rostlinu, zv\u00ed\u0159e nebo v\u011bc v&nbsp;jednotliv\u00fdch barv\u00e1ch?<\/p>\n\n\n\n<p>M\u016f\u017eeme si ud\u011blat prostor pro imaginaci a p\u0159edstavit si prostor jen v&nbsp;jedn\u00e9 barv\u011b, reflektovat co v&nbsp;n\u00e1s ta barva bud\u00ed, jak je n\u00e1m p\u0159\u00edjemn\u00e1 a jakou barvou m\u00e1me pot\u0159ebu ji doplnit.<\/p>\n\n\n\n<p>Budu r\u00e1da, kdy\u017e va\u0161e n\u00e1pady a podn\u011bty p\u0159inesete s\u00a0sebou na podzimn\u00ed ve\u010dern\u00ed setk\u00e1n\u00ed v\u00a0badateln\u011b, kter\u00e9 bude up\u0159esn\u011bn\u00e9 b\u011bhem z\u00e1\u0159\u00ed na m\u00e9m <a href=\"http:\/\/www.adlerova.cz\">chystan\u00e9m nov\u00e9m webu<\/a> a na m\u00e9 <a href=\"https:\/\/www.facebook.com\/adlerova.cz\/\">fb str\u00e1nce<\/a>.<\/p>\n\n\n\n<p>Literatura:<\/p>\n\n\n\n<p>Rudolf Steiner: Tajemstv\u00ed barev<br>Johan Wolfgang Goethe: Smyslov\u011b mor\u00e1ln\u00ed \u00fa\u010dinek barev<br>Margarethe Hauschkov\u00e1: Arteterapie<\/p>\n\n\n\n<p>&nbsp;<em>Ilustra\u010dn\u00ed foto: Pixabay, text je publikov\u00e1n pod licenc\u00ed<a href=\"https:\/\/creativecommons.org\/licenses\/by-nc-nd\/4.0\/legalcode.cs\" target=\"_blank\" rel=\"noreferrer noopener\"> CC BY-NC-ND 4.0<\/a><\/em><\/p>\n\n\n\n<p><\/p>\n","protected":false},"excerpt":{"rendered":"<p>Pythagoras pr\u00fd pou\u017eil poetick\u00fd obraz, \u017ee duha jsou letokruhy slunce. M\u016f\u017eeme tak\u00e9 \u0159\u00edci, \u017ee barvy duhy jsou sv\u00fdm zp\u016fsobem u\u017e projeven\u00e9, viditeln\u00e9, ale je\u0161t\u011b ne zhmotn\u011bn\u00e9 sv\u011btlo. Jako most mezi sv\u011btem horn\u00edm a doln\u00edm, nezjeven\u00fdm a zjevn\u00fdm.<\/p>\n","protected":false},"author":1,"featured_media":463,"comment_status":"closed","ping_status":"open","sticky":false,"template":"","format":"standard","meta":{"footnotes":""},"categories":[24,18,17,20],"tags":[46,10],"class_list":["post-462","post","type-post","status-publish","format-standard","has-post-thumbnail","hentry","category-analogie","category-hledani-smyslu","category-o-vyznamu-slov","category-uvahy","tag-badatelna","tag-osobnost"],"_links":{"self":[{"href":"https:\/\/www.blog.adlerova.cz\/index.php\/wp-json\/wp\/v2\/posts\/462","targetHints":{"allow":["GET"]}}],"collection":[{"href":"https:\/\/www.blog.adlerova.cz\/index.php\/wp-json\/wp\/v2\/posts"}],"about":[{"href":"https:\/\/www.blog.adlerova.cz\/index.php\/wp-json\/wp\/v2\/types\/post"}],"author":[{"embeddable":true,"href":"https:\/\/www.blog.adlerova.cz\/index.php\/wp-json\/wp\/v2\/users\/1"}],"replies":[{"embeddable":true,"href":"https:\/\/www.blog.adlerova.cz\/index.php\/wp-json\/wp\/v2\/comments?post=462"}],"version-history":[{"count":1,"href":"https:\/\/www.blog.adlerova.cz\/index.php\/wp-json\/wp\/v2\/posts\/462\/revisions"}],"predecessor-version":[{"id":464,"href":"https:\/\/www.blog.adlerova.cz\/index.php\/wp-json\/wp\/v2\/posts\/462\/revisions\/464"}],"wp:featuredmedia":[{"embeddable":true,"href":"https:\/\/www.blog.adlerova.cz\/index.php\/wp-json\/wp\/v2\/media\/463"}],"wp:attachment":[{"href":"https:\/\/www.blog.adlerova.cz\/index.php\/wp-json\/wp\/v2\/media?parent=462"}],"wp:term":[{"taxonomy":"category","embeddable":true,"href":"https:\/\/www.blog.adlerova.cz\/index.php\/wp-json\/wp\/v2\/categories?post=462"},{"taxonomy":"post_tag","embeddable":true,"href":"https:\/\/www.blog.adlerova.cz\/index.php\/wp-json\/wp\/v2\/tags?post=462"}],"curies":[{"name":"wp","href":"https:\/\/api.w.org\/{rel}","templated":true}]}}