{"id":450,"date":"2025-02-03T18:30:23","date_gmt":"2025-02-03T17:30:23","guid":{"rendered":"https:\/\/www.blog.adlerova.cz\/?p=450"},"modified":"2025-02-03T18:50:11","modified_gmt":"2025-02-03T17:50:11","slug":"houpacka-vina-a-autorita","status":"publish","type":"post","link":"https:\/\/www.blog.adlerova.cz\/index.php\/2025\/02\/03\/houpacka-vina-a-autorita\/","title":{"rendered":"Vina, houpa\u010dka a autorita"},"content":{"rendered":"\n<p>U\u017e jste za\u017eili pocit, \u017ee jste n\u011bco naprosto pokazili, znemo\u017enili jste se, byli jste zoufal\u00ed, co si o V\u00e1s te\u010f budou kolegov\u00e9 nebo p\u0159\u00e1tel\u00e9 myslet? Co V\u00e1m b\u011b\u017eelo hlavou? Tradi\u010dn\u00ed chybov\u00e9 hl\u00e1\u0161ky \u2013 nikdy to neud\u011bl\u00e1\u0161 po\u0159\u00e1dn\u011b, v\u017edycky n\u011bco pokaz\u00ed\u0161, nikam to nedot\u00e1hne\u0161, jsi \u00fapln\u011b nemo\u017en\u00fd\/nemo\u017en\u00e1? Pravd\u011bpodobn\u011b tak\u00e9 v\u00edte, \u017ee kdy\u017e se na tu situaci d\u00edv\u00e1te s&nbsp;velk\u00fdm odstupem, vlastn\u011b se zase tolik nestalo. Prost\u011b jste jen nez\u00e1m\u011brn\u011b ud\u011blali chybu. P\u00ed\u0161u schv\u00e1ln\u011b nez\u00e1m\u011brn\u011b, kdy\u017e n\u011bkdo d\u011bl\u00e1 n\u011bco nedobr\u00e9ho z\u00e1m\u011brn\u011b, je to o n\u011b\u010dem \u00fapln\u011b jin\u00e9m. A p\u0159esto, kdy\u017e si na takovou situaci vzpomenete, st\u00e1hne se V\u00e1m \u017ealudek, oros\u00edte se, polije V\u00e1s horko?<\/p>\n\n\n\n<p>V&nbsp;hlavn\u00ed roli tady exceluje pocit viny, kter\u00fd se n\u00e1m zad\u00edr\u00e1 pod k\u016f\u017ei od za\u010d\u00e1tku \u017eivota. V\u017edycky existuje n\u011bjak\u00e1 vn\u011bj\u0161\u00ed autorita, kter\u00e1 v\u00ed, jak je to spr\u00e1vn\u011b, kter\u00e1 d\u00edt\u011bti na\u0159\u00edd\u00ed, jak se to mus\u00ed d\u011blat. Ve \u0161kole to pokra\u010duje a pak u\u017e je dob\u0159e p\u0159ipraven\u00fd materi\u00e1l pro syst\u00e9m. Po vin\u011b, nespln\u011bn\u00ed p\u0159\u00edkaz\u016f syst\u00e9mu, hroz\u00ed trest. Udr\u017eov\u00e1n\u00ed pocitu viny je u\u017eite\u010dn\u00e9 pro ty, kte\u0159\u00ed pomoc\u00ed n\u011bho cht\u011bj\u00ed ovl\u00e1dat ostatn\u00ed a udr\u017eovat je ve stavu nezral\u00fdch a vystra\u0161en\u00fdch d\u011bt\u00ed. <\/p>\n\n\n\n<p>Co s t\u00edm? Kde se stala chyba? Nikde v\u00a0procesu v\u00fdvoje osobnosti zat\u00edm nenastala tak velk\u00e1 krize, aby donutila \u010dlov\u011bka uv\u011bdomit si, \u017ee nem\u00e1 jinou mo\u017enost ne\u017e neud\u011blat to, co ONI cht\u011bj\u00ed, ale ud\u011blat to, co pot\u0159ebuje on. Pot\u0159ebuje pro to, aby p\u0159e\u017eil, aby ochr\u00e1nil sv\u00e9 d\u00edt\u011b, nepodporoval n\u011bco, co nen\u00ed v\u00a0souladu s\u00a0jeho sv\u011bdom\u00edm. \u010clov\u011bk pod t\u011b\u017ek\u00fdm tlakem nem\u00e1 jinou mo\u017enost ne\u017e uv\u011bdomit si, \u017ee on s\u00e1m m\u00e1 vlastn\u00ed autoritu a rozhodnout se s\u00e1m za sebe. Nebo jinak \u0159e\u010deno \u2013 b\u00fdt dosp\u011bl\u00fd. Samoz\u0159ejm\u011b to jde i po dobr\u00e9m, kdy\u017e \u010dlov\u011bk za\u010dne v\u010das a s\u00e1m. Ka\u017edou my\u0161lenku m\u016f\u017ee prov\u011b\u0159it sv\u00fdm c\u00edt\u011bn\u00edm a ka\u017ed\u00fd pocit m\u016f\u017eeme prov\u011b\u0159it zdrav\u00fdm rozumem. Pokud jsou v\u00a0souladu, je to rozhodnut\u00ed z\u00a0vlastn\u00ed autority, dosp\u011bl\u00e9. A to tak\u00e9 znamen\u00e1, \u017ee si uv\u011bdomuje d\u016fsledky toho rozhodnut\u00ed a \u017ee je p\u0159ij\u00edm\u00e1.<\/p>\n\n\n\n<p>Dosp\u011bl\u00fdch lid\u00ed je snad v\u00edc, ne\u017e se zd\u00e1. Vid\u011bt jsou ale ti infantiln\u00ed, kte\u0159\u00ed se cht\u011bj\u00ed schov\u00e1vat za funkci, stranu nebo vl\u00e1du a hlasit\u011b a fanaticky sv\u00e9 \u201eochr\u00e1nce\u201c obhajuj\u00ed. Naopak, ti, kte\u0159\u00ed propadli <a href=\"https:\/\/www.blog.adlerova.cz\/index.php\/2024\/09\/02\/letajici-talir-sucho-a-ziva-voda\/\" data-type=\"link\" data-id=\"https:\/\/www.blog.adlerova.cz\/index.php\/2024\/09\/02\/letajici-talir-sucho-a-ziva-voda\/\">inflaci osobnosti<\/a> jsou p\u0159esv\u011bd\u010deni, \u017ee univerz\u00e1ln\u00edmi stvo\u0159iteli jsou oni \/ ONI, \u017ee jsou v\u0161ev\u011bdouc\u00ed a v\u0161emohouc\u00ed. A proto\u017ee nejsou ani jedno ani druh\u00e9, zneu\u017e\u00edvaj\u00ed k&nbsp;t\u00e9 iluzi technologick\u00e9 hra\u010dky. Domn\u00edvaj\u00ed se, \u017ee mohou rozhodovat o \u017eivot\u011b a o smrti a jak u\u017e bylo \u0159e\u010deno, z\u00e1konit\u011b p\u0159ijde krize. A tenhle cyklus \u2013 deprese a inflace \u2013 se opakuje.<\/p>\n\n\n\n<p>V\u0161imn\u011bte si ale, \u017ee tyhle dv\u011b skupiny svou hru mohou hr\u00e1t bez probl\u00e9m\u016f dost dlouho, ob\u010das se ta houpa\u010dka zhoupne a z ob\u011bt\u00ed se stanou tyrani a naopak. To jen existence t\u011bch dosp\u011bl\u00fdch a v\u011bdom\u00fdch si vlastn\u00ed autority a zodpov\u011bdnosti jim tu hru ru\u0161\u00ed. \u0158\u00edk\u00e1 se, \u017ee \u010dlov\u011bk se vyv\u00edj\u00ed, nebo je vyv\u00edjen, nebo tak\u00e9, \u017ee \u010dlov\u011bk jde, nebo je vle\u010den. \u010c\u00edm v\u00edc lid\u00ed bude dosp\u011bl\u00fdch, t\u00edm men\u0161\u00ed krize budou zapot\u0159eb\u00ed. A to stoj\u00ed za \u00favahu, nebo ne?<\/p>\n\n\n\n<p><em>Ilustra\u010dn\u00ed foto: Pixabay, text je publikov\u00e1n pod licenc\u00ed<a href=\"https:\/\/creativecommons.org\/licenses\/by-nc-nd\/4.0\/legalcode.cs\" target=\"_blank\" rel=\"noreferrer noopener\"> CC BY-NC-ND 4.0<\/a><\/em><\/p>\n\n\n\n<p><\/p>\n","protected":false},"excerpt":{"rendered":"<p>U\u017e jste za\u017eili pocit, \u017ee jste n\u011bco naprosto pokazili, znemo\u017enili jste se, byli jste zoufal\u00ed, co si o V\u00e1s te\u010f budou kolegov\u00e9 nebo p\u0159\u00e1tel\u00e9 myslet? Co V\u00e1m b\u011b\u017eelo hlavou? Tradi\u010dn\u00ed chybov\u00e9 hl\u00e1\u0161ky \u2013 nikdy to neud\u011bl\u00e1\u0161 [&hellip;]<\/p>\n","protected":false},"author":1,"featured_media":451,"comment_status":"closed","ping_status":"open","sticky":false,"template":"","format":"standard","meta":{"footnotes":""},"categories":[22,23,20],"tags":[45,42,44,10,36,43],"class_list":["post-450","post","type-post","status-publish","format-standard","has-post-thumbnail","hentry","category-osobnost","category-spolecnost","category-uvahy","tag-deprese","tag-dospelost","tag-inflace-osobnosti","tag-osobnost","tag-sebeduvera","tag-zodpovednost"],"_links":{"self":[{"href":"https:\/\/www.blog.adlerova.cz\/index.php\/wp-json\/wp\/v2\/posts\/450","targetHints":{"allow":["GET"]}}],"collection":[{"href":"https:\/\/www.blog.adlerova.cz\/index.php\/wp-json\/wp\/v2\/posts"}],"about":[{"href":"https:\/\/www.blog.adlerova.cz\/index.php\/wp-json\/wp\/v2\/types\/post"}],"author":[{"embeddable":true,"href":"https:\/\/www.blog.adlerova.cz\/index.php\/wp-json\/wp\/v2\/users\/1"}],"replies":[{"embeddable":true,"href":"https:\/\/www.blog.adlerova.cz\/index.php\/wp-json\/wp\/v2\/comments?post=450"}],"version-history":[{"count":8,"href":"https:\/\/www.blog.adlerova.cz\/index.php\/wp-json\/wp\/v2\/posts\/450\/revisions"}],"predecessor-version":[{"id":460,"href":"https:\/\/www.blog.adlerova.cz\/index.php\/wp-json\/wp\/v2\/posts\/450\/revisions\/460"}],"wp:featuredmedia":[{"embeddable":true,"href":"https:\/\/www.blog.adlerova.cz\/index.php\/wp-json\/wp\/v2\/media\/451"}],"wp:attachment":[{"href":"https:\/\/www.blog.adlerova.cz\/index.php\/wp-json\/wp\/v2\/media?parent=450"}],"wp:term":[{"taxonomy":"category","embeddable":true,"href":"https:\/\/www.blog.adlerova.cz\/index.php\/wp-json\/wp\/v2\/categories?post=450"},{"taxonomy":"post_tag","embeddable":true,"href":"https:\/\/www.blog.adlerova.cz\/index.php\/wp-json\/wp\/v2\/tags?post=450"}],"curies":[{"name":"wp","href":"https:\/\/api.w.org\/{rel}","templated":true}]}}