{"id":435,"date":"2024-11-17T18:07:27","date_gmt":"2024-11-17T17:07:27","guid":{"rendered":"https:\/\/www.blog.adlerova.cz\/?p=435"},"modified":"2024-12-09T13:20:10","modified_gmt":"2024-12-09T12:20:10","slug":"kompromis-konsenzus-nebo-neco-pro-radost","status":"publish","type":"post","link":"https:\/\/www.blog.adlerova.cz\/index.php\/2024\/11\/17\/kompromis-konsenzus-nebo-neco-pro-radost\/","title":{"rendered":"Kompromis, konsenzus, nebo n\u011bco pro radost?"},"content":{"rendered":"\n<p>Zn\u00e1te to \u2013 t\u011b\u0161\u00edte se na spole\u010dnou dovolenou, chcete jet do hor, vyl\u00e9zt n\u011bkam do orl\u00edho hn\u00edzda a u\u017e\u00edt si ten klid a nadhled. V\u00e1\u0161 partner chce jet do ru\u0161n\u00e9 metropole, aby si u\u017eil ruch, spoustu lid\u00ed a ka\u017ed\u00fd den n\u011bjakou akci. V&nbsp;pr\u00e1ci je t\u0159eba spolupracovat na projektu, jeden t\u00fdm m\u00e1 sv\u00e9 \u0159e\u0161en\u00ed, druh\u00fd t\u00fdm m\u00e1 jin\u00e9. Domlouv\u00e1te se s&nbsp;architektem na podob\u011b Va\u0161eho domu nebo bytu a ze v\u0161ech sil se sna\u017e\u00edte obh\u00e1jit svou vizi toho \u201esv\u00e9ho\u201c m\u011bkou\u010dk\u00e9ho pel\u00ed\u0161ku, m\u00edsta, kde se chcete c\u00edtit bezpe\u010dn\u011b a \u00fatuln\u011b, proti minimalistick\u00e9 p\u0159edstav\u011b va\u0161eho partnera v&nbsp;kovu, betonu a sklu.<\/p>\n\n\n\n<p>Co s&nbsp;t\u00edm? Ud\u011blat kompromis? Co to ale znamen\u00e1? V\u0161echny strany, kter\u00e9 p\u0159in\u00e1\u0161ej\u00ed sv\u00e9 n\u00e1vrhy je oh\u00fdbaj\u00ed a o\u0159ez\u00e1vaj\u00ed, sesazuj\u00ed v\u00fdsledek z&nbsp;fragment\u016f p\u016fvodn\u00edch n\u00e1vrh\u016f. M\u016f\u017ee to dopadnout \u017eivotaschopn\u011b, pokud si byly podobn\u00e9. Pokud ne, je to slepenec a nikomu v&nbsp;tom nen\u00ed \u00fapln\u011b dob\u0159e.<\/p>\n\n\n\n<p>Dal\u0161\u00ed mo\u017enost \u2013 konsenzus. Rozd\u00edl mezi kompromisem a konsenzem je bohu\u017eel v dne\u0161n\u00edm pojet\u00ed \u010dasto v\u00a0tom, \u017ee v\u00a0tomto p\u0159\u00edpad\u011b po\u010detn\u011b nebo jinak siln\u011bj\u0161\u00ed skupina p\u0159ev\u00e1lcuje ty, kte\u0159\u00ed maj\u00ed jinou p\u0159edstavu. Od nich se o\u010dek\u00e1v\u00e1, \u017ee p\u0159ijmou rozhodnut\u00ed neprotestovat. Tak\u017ee n\u011bkdo m\u00e1 v\u0161echno a n\u011bkdo m\u00e1 n\u011bco, co necht\u011bl. Pokud je to stoik, kter\u00fd by m\u011bl b\u00fdt bla\u017een\u00fd za v\u0161ech okolnost\u00ed, tak v\u00a0tom dok\u00e1\u017ee \u017e\u00edt. Pokud odm\u00edtnut\u00e1 men\u0161ina m\u00e1 jinou \u017eivotn\u00ed filosofii ne\u017e stoicismus, nen\u00ed motivovan\u00e1 na realizaci \u0159e\u0161en\u00ed a nec\u00edt\u00ed se v\u00a0n\u011bm dob\u0159e. Reaguje podle sv\u00e9ho naturelu, pasivn\u00edm nebo aktivn\u00edm odporem nebo odchodem.<\/p>\n\n\n\n<p>Co s&nbsp;t\u00edm? Je n\u011bjak\u00e9 \u0159e\u0161en\u00ed, kter\u00e9 by bylo dobr\u00e9, hezk\u00e9 a respektovalo v\u0161echny z\u00fa\u010dastn\u011bn\u00e9? Samoz\u0159ejm\u011b, \u017ee je. M\u00e1 ale jednu podm\u00ednku \u2013 v\u0161ichni z\u00fa\u010dastn\u011bn\u00ed o n\u011bj musej\u00ed st\u00e1t. Musej\u00ed m\u00edt my\u0161len\u00ed, c\u00edt\u011bn\u00ed i v\u016fli tak v\u011bdom\u00e9, aby je t\u011b\u0161ilo spole\u010dn\u011b se pod\u00edvat na v\u0161echny p\u0159edstavy a p\u0159\u00e1n\u00ed, pot\u0159eby a ambice, a spole\u010dn\u011b z&nbsp;nich stav\u011bli \u0159e\u0161en\u00ed spole\u010dn\u00e9, respektuj\u00edc\u00ed, harmonick\u00e9. Aby je t\u011b\u0161ilo tvo\u0159it n\u011bco nov\u00e9ho. To je um\u011bn\u00ed, ke kter\u00e9mu se teprve propracov\u00e1v\u00e1me, k&nbsp;\u010demu dozr\u00e1v\u00e1me. Ne jako izolovan\u00e9 ostrovy, ale jako d\u00edlky mozaiky, t\u00f3ny, kter\u00e9 vytv\u00e1\u0159ej\u00ed harmonick\u00fd souzvuk.<\/p>\n\n\n\n<p>Jak to m\u016f\u017ee vypadat prakticky? Byla jsem u debat man\u017eel\u016f s architektem o podob\u011b nov\u00e9ho bytu, oba partne\u0159i si p\u0159\u00e1li, aby se tam ka\u017ed\u00fd z&nbsp;nich c\u00edtil doma a aby to m\u00edsto jako domov vn\u00edmali oba. Domluvili se pom\u011brn\u011b rychle na individualizovan\u00fdch pracovn\u00e1ch a ve spole\u010dn\u00e9m prostoru hledali mo\u017enost, jak kombinovat prvky, kter\u00e9 by se jim l\u00edbily. Ona uznala, \u017ee minimalistick\u00e1 koupelna m\u00e1 sv\u00e9 v\u00fdhody p\u0159i \u00faklidu a on se ke sv\u00e9mu p\u0159ekvapen\u00ed nadchl pro spole\u010dn\u00fd prostor velk\u00e9 m\u00edstnosti, kde se budou setk\u00e1vat s p\u0159\u00e1teli, jako mozaiku styl\u016f, kter\u00e9 budou slad\u011bn\u00e9 v&nbsp;jednot\u00edc\u00edch barv\u00e1ch, s&nbsp;vtipem a s barevn\u00fdmi akcenty. Dalo to pr\u00e1ci, ale kdy\u017e dok\u00e1zali tohle, v\u011b\u0159\u00edm, \u017ee jejich vztah bude zr\u00e1t a jisk\u0159it jako v\u00edno.<\/p>\n\n\n\n<p><em>lustra\u010dn\u00ed foto Roselyn Tirado<\/em>, <em>Unsplash, text je publikov\u00e1n pod licenc\u00ed<\/em><a href=\"https:\/\/creativecommons.org\/licenses\/by-nc-nd\/4.0\/legalcode.cs\" target=\"_blank\" rel=\"noreferrer noopener\"><em> CC BY-NC-ND 4.0<\/em><\/a><\/p>\n\n\n\n<p><\/p>\n","protected":false},"excerpt":{"rendered":"<p>Zn\u00e1te to \u2013 t\u011b\u0161\u00edte se na spole\u010dnou dovolenou, chcete jet do hor, vyl\u00e9zt n\u011bkam do orl\u00edho hn\u00edzda a u\u017e\u00edt si ten klid a nadhled. V\u00e1\u0161 partner chce jet do ru\u0161n\u00e9 metropole, aby si u\u017eil ruch, spoustu [&hellip;]<\/p>\n","protected":false},"author":1,"featured_media":436,"comment_status":"closed","ping_status":"open","sticky":false,"template":"","format":"standard","meta":{"footnotes":""},"categories":[23,20,14],"tags":[41,39,40,37,38,31],"class_list":["post-435","post","type-post","status-publish","format-standard","has-post-thumbnail","hentry","category-spolecnost","category-uvahy","category-vztahy","tag-diskuse","tag-facilitace","tag-harmonie","tag-kompromis","tag-konsenzus","tag-koucovani"],"_links":{"self":[{"href":"https:\/\/www.blog.adlerova.cz\/index.php\/wp-json\/wp\/v2\/posts\/435","targetHints":{"allow":["GET"]}}],"collection":[{"href":"https:\/\/www.blog.adlerova.cz\/index.php\/wp-json\/wp\/v2\/posts"}],"about":[{"href":"https:\/\/www.blog.adlerova.cz\/index.php\/wp-json\/wp\/v2\/types\/post"}],"author":[{"embeddable":true,"href":"https:\/\/www.blog.adlerova.cz\/index.php\/wp-json\/wp\/v2\/users\/1"}],"replies":[{"embeddable":true,"href":"https:\/\/www.blog.adlerova.cz\/index.php\/wp-json\/wp\/v2\/comments?post=435"}],"version-history":[{"count":10,"href":"https:\/\/www.blog.adlerova.cz\/index.php\/wp-json\/wp\/v2\/posts\/435\/revisions"}],"predecessor-version":[{"id":448,"href":"https:\/\/www.blog.adlerova.cz\/index.php\/wp-json\/wp\/v2\/posts\/435\/revisions\/448"}],"wp:featuredmedia":[{"embeddable":true,"href":"https:\/\/www.blog.adlerova.cz\/index.php\/wp-json\/wp\/v2\/media\/436"}],"wp:attachment":[{"href":"https:\/\/www.blog.adlerova.cz\/index.php\/wp-json\/wp\/v2\/media?parent=435"}],"wp:term":[{"taxonomy":"category","embeddable":true,"href":"https:\/\/www.blog.adlerova.cz\/index.php\/wp-json\/wp\/v2\/categories?post=435"},{"taxonomy":"post_tag","embeddable":true,"href":"https:\/\/www.blog.adlerova.cz\/index.php\/wp-json\/wp\/v2\/tags?post=435"}],"curies":[{"name":"wp","href":"https:\/\/api.w.org\/{rel}","templated":true}]}}