{"id":412,"date":"2024-10-21T20:40:50","date_gmt":"2024-10-21T18:40:50","guid":{"rendered":"https:\/\/www.blog.adlerova.cz\/?p=412"},"modified":"2024-11-03T12:13:30","modified_gmt":"2024-11-03T11:13:30","slug":"je-mozne-koucovat-boha","status":"publish","type":"post","link":"https:\/\/www.blog.adlerova.cz\/index.php\/2024\/10\/21\/je-mozne-koucovat-boha\/","title":{"rendered":"V co m\u00e1 vlastn\u011b smysl v\u011b\u0159it?"},"content":{"rendered":"\n<p>K&nbsp;dne\u0161n\u00edmu textu m\u011b inspirovala ot\u00e1zka jednoho z&nbsp;klient\u016f, s&nbsp;nads\u00e1zkou vysloven\u00e1, pod lehk\u00fdm t\u00f3nem hlasu hlubok\u00e1 a nal\u00e9hav\u011b sebep\u0159esahuj\u00edc\u00ed. T\u00e9ma spirituality se nen\u00e1padn\u011b za\u010d\u00edn\u00e1 vyno\u0159ovat s&nbsp;ot\u00e1zkami po smyslu existence okolo \u010dty\u0159ic\u00e1t\u00e9ho p\u00e1t\u00e9ho roku \u017eivota, pokud je \u017eivotn\u00ed p\u0159\u00edb\u011bh t\u011b\u017ek\u00fd, n\u011bkdy i d\u0159\u00edve. Je to n\u011bco, co vn\u00edmav\u00e9ho a mysl\u00edc\u00edho \u010dlov\u011bka nutn\u011b potk\u00e1. N\u011bkoho iniciuje okam\u017eik, kdy mu odejde n\u011bkdo bl\u00edzk\u00fd. N\u011bkoho doba, kdy proch\u00e1z\u00ed n\u011bjakou intenzivn\u00ed kriz\u00ed, a\u0165 u\u017e profesn\u00ed nebo osobn\u00ed, vztahovou, zdravotn\u00ed. Kdy\u017e u\u017e je mu tak zle, \u017ee nev\u00ed kudy kam, douf\u00e1 v&nbsp;z\u00e1zrak a prosbu o pomoc sm\u011b\u0159uje vy\u0161\u0161\u00ed moci. A pak p\u0159ich\u00e1z\u00ed prvn\u00ed ot\u00e1zka \u2013 koho prosit? Je tam n\u011bkdo?<\/p>\n\n\n\n<p>U n\u00e1s tradi\u010dn\u00ed katolick\u00e1 c\u00edrkev a vlastn\u011b jak\u00e1koliv institucion\u00e1ln\u00ed c\u00edrkev dost\u00e1v\u00e1 n\u011bkdy n\u00e1lepku \u201efran\u0161\u00edza bo\u017e\u00ed\u201c. Je spojovan\u00e1 s p\u0159edstavou moci, shluku bezradn\u00fdch lid\u00ed, kte\u0159\u00ed vzhl\u00ed\u017eej\u00ed k&nbsp;n\u011bkomu, kdo jim sh\u016fry k\u00e1\u017ee co maj\u00ed a mus\u00ed d\u011blat, aby nepohn\u011bvali jakousi vn\u011bj\u0161\u00ed autoritu, s n\u00ed\u017e je pov\u00fd\u0161en\u00fd kazatel jedna ruka. To, co i tak b\u00fdv\u00e1 vn\u00edm\u00e1no jako pozitivn\u00ed, je t\u0159eba prostor pro pocit soun\u00e1le\u017eitosti, kdy\u017e se lid\u00e9 potk\u00e1vaj\u00ed p\u0159i n\u00e1v\u0161t\u011bv\u011b kostela. Nebo varhann\u00ed hudba. Nebo kostel s\u00e1m, jako m\u00edsto, kde m\u016f\u017ee b\u00fdt \u010dlov\u011bk mimo organizovan\u00e1 setk\u00e1n\u00ed v&nbsp;tichu chv\u00edli s\u00e1m se sebou. Nebo to, \u017ee c\u00edrkev, p\u0159es v\u0161echna negativa s&nbsp;n\u00ed spojovan\u00e1, svou dlouhou existenc\u00ed p\u0159ipom\u00edn\u00e1 to, \u017ee n\u011bco, co \u010dlov\u011bka p\u0159esahuje, \u010dlov\u011bk vn\u00edm\u00e1 odnepam\u011bti.<\/p>\n\n\n\n<p>N\u011bkte\u0159\u00ed lid\u00e9 pro\u0161li zku\u0161enost\u00ed ezoteriky, ode\u0161li s&nbsp;t\u00edm, \u017ee n\u00e1bo\u017eenstv\u00ed i jak\u00e1koliv v\u00edra je nesmysl, nebo naopak s&nbsp;dobr\u00fdm z\u00e1kladem toho, \u017ee k&nbsp;nebi nebo ke hv\u011bzd\u00e1m se d\u00e1 bezpe\u010dn\u011b d\u00edvat, jen kdy\u017e \u010dlov\u011bk stoj\u00ed pevn\u011b nohama na zemi.<\/p>\n\n\n\n<p>A ot\u00e1zka se st\u00e1le p\u0159ipom\u00edn\u00e1 \u2013 koho \/ co oslovovat? A otev\u00edr\u00e1 dal\u0161\u00ed a dal\u0161\u00ed: \u010cemu v\u011b\u0159it? Je skute\u010dn\u011b n\u011bco, co \u010dlov\u011bka p\u0159esahuje? Je lidsk\u00e1 du\u0161e nesmrteln\u00e1? Pot\u0159ebuje \u010dlov\u011bk n\u011bjakou vn\u011bj\u0161\u00ed autoritu jako arbitra?<\/p>\n\n\n\n<p>Za\u010dnu od konce. Jsem p\u0159esv\u011bd\u010den\u00e1, \u017ee nepot\u0159ebuje. Co pak ale m\u016f\u017eeme br\u00e1t jako op\u011brn\u00fd bod pro sv\u00e1 rozhodov\u00e1n\u00ed? D\u00e1t v\u00fdpov\u011b\u010f nebo ne, co \u0159\u00edct sousedovi, kter\u00fd se chov\u00e1 tak, \u017ee m\u011b to obt\u011b\u017euje, m\u00edt milenku nebo se rozv\u00e9st a naj\u00edt si novou partnerku\u2026? Obvykl\u00e1 odpov\u011b\u010f je \u2013 sv\u011bdom\u00ed. P\u0159\u00edli\u0161 \u010dasto m\u00e1me ten pojem spojen\u00fd s&nbsp;pocitem viny, \u201em\u00edt n\u011bco na sv\u011bdom\u00ed\u201c. Ale prim\u00e1rn\u011b je to pojem, kter\u00fd m\u00e1 v&nbsp;latin\u011b i v\u00fdznam v\u011bdom\u00ed, \u00fapln\u011b jinak zn\u00ed nap\u0159\u00edklad \u201ed\u011blat n\u011bco s&nbsp;v\u011bdom\u00edm toho, co to p\u0159in\u00e1\u0161\u00ed mn\u011b i m\u00e9mu okol\u00ed\u201c. To je tak\u00e9 mimochodem p\u016fvodn\u00ed v\u00fdznam slova ekologie. <\/p>\n\n\n\n<p>Takto nahl\u00ed\u017eeno je sv\u011bdom\u00ed n\u011bco, co umo\u017e\u0148uje \u010dlov\u011bku \u017e\u00edt s&nbsp;\u010dist\u00fdm \u0161t\u00edtem, us\u00ednat sp\u00e1nkem spravedliv\u00fdch, s&nbsp;pot\u0159ebou uv\u011bdomov\u00e1n\u00ed si sama sebe v&nbsp;ka\u017ed\u00e9 situaci, s&nbsp;v\u011bdom\u00edm pot\u0159eby nastavov\u00e1n\u00ed vlastn\u00ed vnit\u0159n\u00ed etiky. Je to n\u011bco, co se oz\u00fdv\u00e1 uvnit\u0159 \u010dlov\u011bka. Ale sou\u010dasn\u011b to nen\u00ed nic, co se d\u00e1 nau\u010dit, z\u00edskat, nen\u00ed to nic z vn\u011bj\u0161ku. Sv\u011bdom\u00ed lze ignorovat, ale to obvykle znamen\u00e1 i ztr\u00e1tu dal\u0161\u00edch lidsk\u00fdch projev\u016f \u2013 nap\u0159\u00edklad soucitu.<\/p>\n\n\n\n<p>Nem\u016f\u017ee to tedy nakonec b\u00fdt projev toho, \u010demu se \u0159\u00edk\u00e1 B\u016fh? Jak vn\u00edm\u00e1te tu antropomorfn\u00ed personifikaci mu\u017esk\u00e9ho rodu? Bud\u00ed ve V\u00e1s odpor? Pokud ano, uva\u017eovali jste n\u011bkdy o tom \u010d\u00edm?<\/p>\n\n\n\n<p>A jak by V\u00e1m zn\u011blo bo\u017estv\u00ed? N\u011bkdo pou\u017e\u00edv\u00e1 n\u00e1zev bo\u017e\u00ed jiskra, jako osloven\u00ed t\u00e9 \u010d\u00e1sti univerzality, kterou m\u00e1 podle t\u00e9to p\u0159edstavy v\u00a0sob\u011b ka\u017ed\u00fd \u010dlov\u011bk a bu\u010fto jej\u00ed sv\u011btlo udr\u017euje, nebo o n\u011bj nepe\u010duje a ono zhas\u00edn\u00e1. Pak by v\u00edra v\u00a0bo\u017estv\u00ed zahrnovala i sebed\u016fv\u011bru, je to tak? Kdy\u017e se nech\u00e1te un\u00e1\u0161et proudem my\u0161lenek a asociac\u00ed, potk\u00e1te mo\u017en\u00e1 v\u00a0jednom m\u00edst\u011b slova sv\u011btlo a sv\u011bt, osv\u011btlit, vysv\u011btlit.<\/p>\n\n\n\n<p>Z\u00a0tohoto \u00fahlu pohledu kou\u010dovat Boha zcela jist\u011b nelze, lze ale kou\u010dov\u00e1n\u00edm prov\u00e1zet k\u00a0nalezen\u00ed bo\u017esk\u00e9 jiskry jako vlastn\u00edho vnit\u0159n\u00edho zdroje klidu a jistoty. Mo\u017en\u00e1 to, \u017ee o n\u00ed nev\u00edme je tot\u00e9\u017e, co dnes st\u00e1le nal\u00e9hav\u011b vn\u00edmaj\u00ed n\u011bkte\u0159\u00ed jako \u010dernou d\u00edru v\u00a0\u010dlov\u011bku, jako touhu, kter\u00e1 se p\u0159ipom\u00edn\u00e1, kdykoliv z\u016fstaneme chvilku se sebou potichu. A co je mo\u017en\u00e1 t\u00edm, co je nutn\u00e9, abychom spolu dok\u00e1zali \u017e\u00edt.<\/p>\n\n\n\n<p><em>Ilustra\u010dn\u00ed foto Key, Pixabay, text je publikov\u00e1n pod licenc\u00ed<\/em><a href=\"https:\/\/creativecommons.org\/licenses\/by-nc-nd\/4.0\/legalcode.cs\" target=\"_blank\" rel=\"noreferrer noopener\"><em> CC BY-NC-ND 4.0<\/em><\/a><\/p>\n\n\n\n<p><\/p>\n","protected":false},"excerpt":{"rendered":"<p>K&nbsp;dne\u0161n\u00edmu textu m\u011b inspirovala ot\u00e1zka jednoho z&nbsp;klient\u016f, s&nbsp;nads\u00e1zkou vysloven\u00e1, pod lehk\u00fdm t\u00f3nem hlasu hlubok\u00e1 a nal\u00e9hav\u011b sebep\u0159esahuj\u00edc\u00ed. T\u00e9ma spirituality se nen\u00e1padn\u011b za\u010d\u00edn\u00e1 vyno\u0159ovat s&nbsp;ot\u00e1zkami po smyslu existence okolo \u010dty\u0159ic\u00e1t\u00e9ho p\u00e1t\u00e9ho roku \u017eivota, pokud je \u017eivotn\u00ed p\u0159\u00edb\u011bh [&hellip;]<\/p>\n","protected":false},"author":1,"featured_media":414,"comment_status":"closed","ping_status":"open","sticky":false,"template":"","format":"standard","meta":{"footnotes":""},"categories":[18,20,21],"tags":[34,32,31,33,36,30,35],"class_list":["post-412","post","type-post","status-publish","format-standard","has-post-thumbnail","hentry","category-hledani-smyslu","category-uvahy","category-vira","tag-bozska-jiskra","tag-koucink","tag-koucovani","tag-psychospiritualni-krize","tag-sebeduvera","tag-spiritualita","tag-vira"],"_links":{"self":[{"href":"https:\/\/www.blog.adlerova.cz\/index.php\/wp-json\/wp\/v2\/posts\/412","targetHints":{"allow":["GET"]}}],"collection":[{"href":"https:\/\/www.blog.adlerova.cz\/index.php\/wp-json\/wp\/v2\/posts"}],"about":[{"href":"https:\/\/www.blog.adlerova.cz\/index.php\/wp-json\/wp\/v2\/types\/post"}],"author":[{"embeddable":true,"href":"https:\/\/www.blog.adlerova.cz\/index.php\/wp-json\/wp\/v2\/users\/1"}],"replies":[{"embeddable":true,"href":"https:\/\/www.blog.adlerova.cz\/index.php\/wp-json\/wp\/v2\/comments?post=412"}],"version-history":[{"count":8,"href":"https:\/\/www.blog.adlerova.cz\/index.php\/wp-json\/wp\/v2\/posts\/412\/revisions"}],"predecessor-version":[{"id":433,"href":"https:\/\/www.blog.adlerova.cz\/index.php\/wp-json\/wp\/v2\/posts\/412\/revisions\/433"}],"wp:featuredmedia":[{"embeddable":true,"href":"https:\/\/www.blog.adlerova.cz\/index.php\/wp-json\/wp\/v2\/media\/414"}],"wp:attachment":[{"href":"https:\/\/www.blog.adlerova.cz\/index.php\/wp-json\/wp\/v2\/media?parent=412"}],"wp:term":[{"taxonomy":"category","embeddable":true,"href":"https:\/\/www.blog.adlerova.cz\/index.php\/wp-json\/wp\/v2\/categories?post=412"},{"taxonomy":"post_tag","embeddable":true,"href":"https:\/\/www.blog.adlerova.cz\/index.php\/wp-json\/wp\/v2\/tags?post=412"}],"curies":[{"name":"wp","href":"https:\/\/api.w.org\/{rel}","templated":true}]}}