{"id":394,"date":"2024-10-01T15:21:09","date_gmt":"2024-10-01T13:21:09","guid":{"rendered":"https:\/\/www.blog.adlerova.cz\/?p=394"},"modified":"2024-10-02T11:02:23","modified_gmt":"2024-10-02T09:02:23","slug":"nedelej-nic-jen-proto-ze-musis","status":"publish","type":"post","link":"https:\/\/www.blog.adlerova.cz\/index.php\/2024\/10\/01\/nedelej-nic-jen-proto-ze-musis\/","title":{"rendered":"Ned\u011blej nic jen proto, \u017ee mus\u00ed\u0161"},"content":{"rendered":"\n<p>M\u00e1 adoptivn\u00ed babi\u010dka byla na svou dobu tak trochu punk. Ne, \u017ee by nosila \u010dernou a cvo\u010dky. Byla to r\u00e1zn\u00e1 p\u0159\u00edm\u00e1 \u017eena, poctiv\u00e1, hluboce v\u011b\u0159\u00edc\u00ed v&nbsp;to, \u017ee jsme sou\u010d\u00e1st\u00ed n\u011b\u010deho v\u011bt\u0161\u00edho, \u010demu bychom m\u011bli slou\u017eit ve spole\u010dn\u00e9m z\u00e1jmu. Byla pokorn\u00e1, dok\u00e1zala p\u0159ijmout to, co bylo, tak jak to bylo, a ud\u011blat z toho to nejlep\u0161\u00ed, co se dalo. &nbsp;<\/p>\n\n\n\n<p>M\u011bla m\u011b r\u00e1da zp\u016fsobem, kter\u00e9mu jsem bezezbytku mohla v\u011b\u0159it a u\u010dila m\u011b m\u00edt r\u00e1da stejn\u011b.<\/p>\n\n\n\n<p>Jej\u00ed ego bylo kovan\u00e9 a um\u011bla ho pou\u017e\u00edvat, ale to byla ta finta. Znala ho, um\u011bla s&nbsp;n\u00edm zach\u00e1zet. O V\u00e1noc\u00edch s&nbsp;n\u00edm louskala o\u0159echy, dok\u00e1zala s&nbsp;n\u00edm poslat parazity a \u0161melin\u00e1\u0159e tam kam pat\u0159\u00ed, s&nbsp;razanc\u00ed, nad kterou na odchodu nesta\u010dili ani \u0161kytnout. A um\u011bla ho odlo\u017eit a \u201ejen\u201c spl\u00fdvat.<\/p>\n\n\n\n<p>Ale nikdy se neh\u00e1dala s&nbsp;osudem, brala jak p\u0159i\u0161lo, a pokou\u0161ela se pochopit, pro\u010d p\u0159itahuje pr\u00e1v\u011b takov\u00e9 v\u011bci, kter\u00e9 se j\u00ed d\u011bj\u00ed. A kdy\u017e to pochopila, pokou\u0161ela se s&nbsp;t\u00edm n\u011bco ud\u011blat.<\/p>\n\n\n\n<p>Nikdy nemluvila o tom, komu a jak pomohla nebo pom\u00e1h\u00e1, ale ned\u011blala vlastn\u011b nic jin\u00e9ho. V\u017edycky mi \u0159\u00edkala, \u017ee a\u0165 chci nebo ne, stejn\u011b v\u0161echno, co d\u011bl\u00e1m, d\u011bl\u00e1m pro ostatn\u00ed lidi. I kdy\u017e si koup\u00edm j\u00eddlo, \u0161aty, nov\u00e9 boty, je to proto, abych mohla j\u00edt mezi lidi, mluvit s&nbsp;nimi, d\u011blat pr\u00e1ci, kter\u00e1 nikdy neslou\u017e\u00ed jen m\u011b.<\/p>\n\n\n\n<p>\u201eI kdybys byla poustevn\u00edk a \u017eila z&nbsp;milodar\u016f, nemodlila by ses p\u0159ece jen za sebe. Kdybys to brala tak, \u017ee \u0161kemr\u00e1\u0161 u Boha jen pro sebe, to bys po\u0161la hlady, proto\u017ee by to nikoho jin\u00e9ho nezaj\u00edmalo, ani Boha,\u201c prohl\u00e1sila jednou s&nbsp;razanc\u00ed sob\u011b vlastn\u00ed.<\/p>\n\n\n\n<p>A mnohokr\u00e1t mi \u0159\u00edkala, \u017ee i kdy\u017e si p\u0159ipad\u00e1m mali\u010dk\u00e1, zrnko p\u00edsku mezi miliardou, neviditeln\u00e1, ned\u016fle\u017eit\u00e1, mus\u00edm si b\u00fdt v\u017edycky v\u011bdom\u00e1 toho, co d\u011bl\u00e1m. Proto\u017ee kdybych myslela na n\u011bco odporn\u00e9ho, tak ty odpornosti p\u0159ivol\u00e1m na sv\u011bt.<\/p>\n\n\n\n<p>Testovala m\u011b jako duchovn\u00ed mistr. Kdy\u017e vid\u011bla, \u017ee n\u011bco d\u011bl\u00e1m a jsem zamy\u0161len\u00e1, n\u011bco na m\u011b vyk\u0159ikla nebo do m\u011b jemn\u011b \u0161\u0165ouchla. Stokr\u00e1t jsem rozlila pol\u00e9vku, \u0159\u00edzla se, p\u00edchla se jehlou, pra\u0161tila se do prstu a v\u017edycky jen \u0159ekla \u2013 vid\u00ed\u0161? Nejsi u toho a stoj\u00ed to za houby.<\/p>\n\n\n\n<p><strong>Ned\u011blej nic jen proto, \u017ee si ty nebo n\u011bkdo jin\u00fd mysl\u00ed, \u017ee to ud\u011blat mus\u00ed\u0161.<\/strong> <strong>Dokud nemiluje\u0161 to, co d\u011bl\u00e1\u0161, nejsi v&nbsp;tom cel\u00e1, ned\u011bl\u00e1\u0161 to dob\u0159e, a to nikdo nepot\u0159ebuje. Kdy\u017e bude\u0161 myslet na blbosti, uva\u0159\u00ed\u0161 nechutnou pol\u00edvku a tu si jez sama.<\/strong><\/p>\n\n\n\n<p>D\u00edky babi. Pracuji na tom.<\/p>\n\n\n\n<p><em>Ilustra\u010dn\u00ed foto Silviarita, Pixabay, text je publikov\u00e1n pod licenc\u00ed<\/em><a href=\"https:\/\/creativecommons.org\/licenses\/by-nc-nd\/4.0\/legalcode.cs\" target=\"_blank\" rel=\"noreferrer noopener\"><em> CC BY-NC-ND 4.0<\/em><\/a><\/p>\n\n\n\n<p><\/p>\n","protected":false},"excerpt":{"rendered":"<p>M\u00e1 adoptivn\u00ed babi\u010dka byla na svou dobu tak trochu punk. Ne, \u017ee by nosila \u010dernou a cvo\u010dky. Byla to r\u00e1zn\u00e1 p\u0159\u00edm\u00e1 \u017eena, poctiv\u00e1, hluboce v\u011b\u0159\u00edc\u00ed v&nbsp;to, \u017ee jsme sou\u010d\u00e1st\u00ed n\u011b\u010deho v\u011bt\u0161\u00edho, \u010demu bychom m\u011bli slou\u017eit ve [&hellip;]<\/p>\n","protected":false},"author":1,"featured_media":400,"comment_status":"closed","ping_status":"open","sticky":false,"template":"","format":"standard","meta":{"footnotes":""},"categories":[18,22,20],"tags":[],"class_list":["post-394","post","type-post","status-publish","format-standard","has-post-thumbnail","hentry","category-hledani-smyslu","category-osobnost","category-uvahy"],"_links":{"self":[{"href":"https:\/\/www.blog.adlerova.cz\/index.php\/wp-json\/wp\/v2\/posts\/394","targetHints":{"allow":["GET"]}}],"collection":[{"href":"https:\/\/www.blog.adlerova.cz\/index.php\/wp-json\/wp\/v2\/posts"}],"about":[{"href":"https:\/\/www.blog.adlerova.cz\/index.php\/wp-json\/wp\/v2\/types\/post"}],"author":[{"embeddable":true,"href":"https:\/\/www.blog.adlerova.cz\/index.php\/wp-json\/wp\/v2\/users\/1"}],"replies":[{"embeddable":true,"href":"https:\/\/www.blog.adlerova.cz\/index.php\/wp-json\/wp\/v2\/comments?post=394"}],"version-history":[{"count":4,"href":"https:\/\/www.blog.adlerova.cz\/index.php\/wp-json\/wp\/v2\/posts\/394\/revisions"}],"predecessor-version":[{"id":398,"href":"https:\/\/www.blog.adlerova.cz\/index.php\/wp-json\/wp\/v2\/posts\/394\/revisions\/398"}],"wp:featuredmedia":[{"embeddable":true,"href":"https:\/\/www.blog.adlerova.cz\/index.php\/wp-json\/wp\/v2\/media\/400"}],"wp:attachment":[{"href":"https:\/\/www.blog.adlerova.cz\/index.php\/wp-json\/wp\/v2\/media?parent=394"}],"wp:term":[{"taxonomy":"category","embeddable":true,"href":"https:\/\/www.blog.adlerova.cz\/index.php\/wp-json\/wp\/v2\/categories?post=394"},{"taxonomy":"post_tag","embeddable":true,"href":"https:\/\/www.blog.adlerova.cz\/index.php\/wp-json\/wp\/v2\/tags?post=394"}],"curies":[{"name":"wp","href":"https:\/\/api.w.org\/{rel}","templated":true}]}}