{"id":383,"date":"2024-09-03T10:21:49","date_gmt":"2024-09-03T08:21:49","guid":{"rendered":"https:\/\/www.blog.adlerova.cz\/?p=383"},"modified":"2024-09-03T11:09:46","modified_gmt":"2024-09-03T09:09:46","slug":"vlasy-podvedomi-a-uz-v-tom-litas","status":"publish","type":"post","link":"https:\/\/www.blog.adlerova.cz\/index.php\/2024\/09\/03\/vlasy-podvedomi-a-uz-v-tom-litas\/","title":{"rendered":"Vlasy, podv\u011bdom\u00ed a u\u017e v tom l\u00edt\u00e1\u0161"},"content":{"rendered":"\n<p>Potkala jsem po letech spolu\u017e\u00e1ka a jak \u0161la \u0159e\u010d, ptal se, co d\u011bl\u00e1m. Dala jsem mu odkaz na web a \u010dekala.<br>Reakce p\u0159i\u0161la rychle: \u201eHele, no dobr\u00fd \u010dten\u00ed, ale co s&nbsp;t\u00edm? Kou\u010dov\u00e1n\u00ed nepot\u0159ebuju, u\u0161tvu se s\u00e1m a sebepozn\u00e1n\u00ed, to je takov\u00fd abstraktn\u00ed, vrtat se v&nbsp;sob\u011b, v&nbsp;n\u011b\u010dem, o \u010dem nev\u00edm, co to sakra je podv\u011bdom\u00ed. J\u00e1 bych t\u0159eba pot\u0159eboval jednodu\u0161e v\u011bd\u011bt, pro\u010d se na m\u011b na\u0161tvala moje \u017eena.\u201c<br>P\u0159e\u0161la jsem p\u0159edstavu kou\u010dov\u00e1n\u00ed jako drezury: \u201eVypr\u00e1v\u011bj.\u201c<br>\u201e\u0158ekl jsem j\u00ed jen pravdu, jo, m\u00e1\u0161 pravdu, subjektivn\u00ed n\u00e1zor, ale fakticky podlo\u017een\u00fd. \u0158ekl jsem j\u00ed, \u017ee by si m\u011bla n\u011bco ud\u011blat s&nbsp;\u00fa\u010desem, \u017ee vypad\u00e1 p\u0159\u00ed\u0161ern\u011b. A ona se rozbre\u010dela.\u201c<br>\u201ePtal ses pro\u010d bre\u010d\u00ed?\u201c<br>\u201eNo jist\u011b. \u0158ekla, \u017ee u\u017e j\u00ed nem\u00e1m r\u00e1d, kdy\u017e se mi nel\u00edb\u00ed, ale to jsem p\u0159ece ne\u0159ekl. \u0158ekl jsem jen, \u017ee si m\u00e1 n\u011bco ud\u011blat s&nbsp;vlasama.\u201c<\/p>\n\n\n\n<p>Po dal\u0161\u00ed chv\u00edli rozhovoru pochopil, k&nbsp;\u010demu je to zkoum\u00e1n\u00ed sebe sama. Jeho \u017eena si nejsp\u00ed\u0161 uv\u011bdomuje, \u017ee se zanedb\u00e1v\u00e1, mo\u017en\u00e1 se nel\u00edb\u00ed sama sob\u011b, mo\u017en\u00e1 pot\u0159ebuje p\u0159enastavit pocit vlastn\u00ed hodnoty, naj\u00edt zdroje, ze kter\u00fdch m\u016f\u017ee dob\u00edjet baterky.&nbsp; Mo\u017en\u00e1 pot\u0159ebuje p\u0159ij\u00edt na n\u011bjak\u00fd blok, kter\u00fd ji bere radost a energii, jako \u017e\u00e1ba na prameni.<\/p>\n\n\n\n<p>A kdy\u017e sly\u0161ela od nejbli\u017e\u0161\u00edho \u010dlov\u011bka, \u017ee vypad\u00e1 p\u0159\u00ed\u0161ern\u011b, nap\u0159\u00edmo jako p\u011bst\u00ed do obli\u010deje, neunesla to. Kdyby byla v&nbsp;rovnov\u00e1ze, reagovala by s&nbsp;nadhledem. I kdyby byla hodn\u011b rozcuchan\u00e1. On by asi pot\u0159eboval jen trochu p\u0159ibrzdit, aby byl schopen si tohle uv\u011bdomit. O tom, jestli v\u00ed, co ho urychluje k&nbsp;t\u00e9 m\u00e1lo empatick\u00e9 p\u0159\u00edmosti \u2013 povinnost, firma, pot\u0159eba zajistit rodinu nebo je\u0161t\u011b n\u011bco jin\u00e9ho? \u2013 jsem se opatrn\u011b zm\u00ednila jen letmo, bylo to mimo fokus.<\/p>\n\n\n\n<p>\u201eCo kdybys to zkusil jen \u0159\u00edct jinak? N\u011bco pozitivn\u00edho na za\u010d\u00e1tek a pak povzbudit, motivovat?\u201c<\/p>\n\n\n\n<p>\u201eJo tak. Jako \u017ee j\u00ed \u0159eknu, \u017ee je hezk\u00e1, to bych asi nelhal, v&nbsp;podstat\u011b po\u0159\u00e1d je, a pak? \u017de m\u011bla \u2013 \u017ee m\u00e1 kr\u00e1sn\u00fd vlasy? A \u017ee je \u0161koda, \u017ee na \u010des\u00e1n\u00ed nem\u00e1 \u010das?\u201c<\/p>\n\n\n\n<p>Jojo, a co by t\u0159eba pot\u0159ebovala, aby si \u010das dok\u00e1zala ud\u011blat?\u201c<\/p>\n\n\n\n<p>&#8222;Co j\u00e1 v\u00edm. Mohla by mi \u0159\u00edct, abych do\u0161el s\u00a0P\u00e1jou na tane\u010dky a u\u010desat se. N\u011bkde. Nebo by t\u0159eba mohla pozvat kade\u0159nici dom\u016f a mohly by ud\u011blat mejdan pro kamar\u00e1dky. Nebo\u2026  Hele a nebude j\u00ed to divn\u00fd?\u201c<\/p>\n\n\n\n<p>To prost\u011b ne\u0161lo ne\u0159\u00edct: \u201eM\u00e1\u0161 pocit? Tak jestli t\u011b to napadlo, tak zkus p\u0159ij\u00edt na to pro\u010d, a u\u017e v\u00a0tom taky l\u00edt\u00e1\u0161.\u201c<\/p>\n\n\n\n<p>Pokud za\u017e\u00edv\u00e1te podobn\u00e9 situace, pocit, \u017ee Va\u0161e up\u0159\u00edmn\u00e9 sd\u011blen\u00ed je \u0161patn\u011b ch\u00e1pan\u00e9 a netu\u0161\u00edte pro\u010d a co s t\u00edm, nab\u00edz\u00edm V\u00e1m n\u011bkterou z artefiletick\u00fdch technik, kter\u00e1 V\u00e1m s m\u00edrn\u00fdm nadhledem a laskav\u00fdm humorem dovol\u00ed vid\u011bt situaci z jin\u00e9ho \u00fahlu pohledu. M\u016f\u017eete m\u011b kontaktovat prost\u0159ednictv\u00edm <a href=\"https:\/\/www.blog.adlerova.cz\/index.php\/kontakt\/\" target=\"_blank\" rel=\"noreferrer noopener\">formul\u00e1\u0159e<\/a> nebo ps\u00e1t na iva@adlerova.cz<\/p>\n\n\n\n<p><em>Ilustra\u010dn\u00ed foto Claudio Terribile, Pixabay, text je publikov\u00e1n pod licenc\u00ed<\/em><a href=\"https:\/\/creativecommons.org\/licenses\/by-nc-nd\/4.0\/legalcode.cs\" target=\"_blank\" rel=\"noreferrer noopener\"><em> CC BY-NC-ND 4.0<\/em><\/a><\/p>\n\n\n\n<p><\/p>\n","protected":false},"excerpt":{"rendered":"<p>Potkala jsem po letech spolu\u017e\u00e1ka a jak \u0161la \u0159e\u010d, ptal se, co d\u011bl\u00e1m. Dala jsem mu odkaz na web a \u010dekala.Reakce p\u0159i\u0161la rychle: \u201eHele, no dobr\u00fd \u010dten\u00ed, ale co s&nbsp;t\u00edm? Kou\u010dov\u00e1n\u00ed nepot\u0159ebuju, u\u0161tvu se s\u00e1m a [&hellip;]<\/p>\n","protected":false},"author":1,"featured_media":384,"comment_status":"closed","ping_status":"open","sticky":false,"template":"","format":"standard","meta":{"footnotes":""},"categories":[22,14],"tags":[],"class_list":["post-383","post","type-post","status-publish","format-standard","has-post-thumbnail","hentry","category-osobnost","category-vztahy"],"_links":{"self":[{"href":"https:\/\/www.blog.adlerova.cz\/index.php\/wp-json\/wp\/v2\/posts\/383","targetHints":{"allow":["GET"]}}],"collection":[{"href":"https:\/\/www.blog.adlerova.cz\/index.php\/wp-json\/wp\/v2\/posts"}],"about":[{"href":"https:\/\/www.blog.adlerova.cz\/index.php\/wp-json\/wp\/v2\/types\/post"}],"author":[{"embeddable":true,"href":"https:\/\/www.blog.adlerova.cz\/index.php\/wp-json\/wp\/v2\/users\/1"}],"replies":[{"embeddable":true,"href":"https:\/\/www.blog.adlerova.cz\/index.php\/wp-json\/wp\/v2\/comments?post=383"}],"version-history":[{"count":5,"href":"https:\/\/www.blog.adlerova.cz\/index.php\/wp-json\/wp\/v2\/posts\/383\/revisions"}],"predecessor-version":[{"id":390,"href":"https:\/\/www.blog.adlerova.cz\/index.php\/wp-json\/wp\/v2\/posts\/383\/revisions\/390"}],"wp:featuredmedia":[{"embeddable":true,"href":"https:\/\/www.blog.adlerova.cz\/index.php\/wp-json\/wp\/v2\/media\/384"}],"wp:attachment":[{"href":"https:\/\/www.blog.adlerova.cz\/index.php\/wp-json\/wp\/v2\/media?parent=383"}],"wp:term":[{"taxonomy":"category","embeddable":true,"href":"https:\/\/www.blog.adlerova.cz\/index.php\/wp-json\/wp\/v2\/categories?post=383"},{"taxonomy":"post_tag","embeddable":true,"href":"https:\/\/www.blog.adlerova.cz\/index.php\/wp-json\/wp\/v2\/tags?post=383"}],"curies":[{"name":"wp","href":"https:\/\/api.w.org\/{rel}","templated":true}]}}