{"id":367,"date":"2024-09-02T09:51:43","date_gmt":"2024-09-02T07:51:43","guid":{"rendered":"https:\/\/www.blog.adlerova.cz\/?p=367"},"modified":"2024-09-03T10:03:21","modified_gmt":"2024-09-03T08:03:21","slug":"letajici-talir-sucho-a-ziva-voda","status":"publish","type":"post","link":"https:\/\/www.blog.adlerova.cz\/index.php\/2024\/09\/02\/letajici-talir-sucho-a-ziva-voda\/","title":{"rendered":"Faethon, inflace a \u017eiv\u00e1 voda"},"content":{"rendered":"\n<p>Za naps\u00e1n\u00ed tohoto blogu vlastn\u011b m\u016f\u017ee v\u011bta \u201ed\u011bti jsou neust\u00e1le v&nbsp;kontaktu s&nbsp;p\u0159ilehlou p\u0159\u00edrodou\u201c (DVTV 14.1.2020). Jak se ta slova propl\u00e9tala b\u011bhem dne r\u016fzn\u00fdmi jin\u00fdmi v\u011btami a my\u0161lenkami, st\u00e1le nal\u00e9hav\u011bji p\u0159ipom\u00ednala, jak velk\u00fd je to nesmysl. P\u0159\u00edroda nen\u00ed n\u011bkde bl\u00edzko nebo daleko, p\u0159ilehl\u00e1 nebo odlehl\u00e1. <\/p>\n\n\n\n<p>To d\u011bti jsou p\u0159\u00edroda sama, jsou je\u0161t\u011b v&nbsp;kontaktu samy se sebou. D\u011bti plynou a proud\u00ed, sm\u011bj\u00ed se a pl\u00e1\u010dou, b\u011bhaj\u00ed nebo sed\u00ed v&nbsp;koutku tak, jak to pr\u00e1v\u011b c\u00edt\u00ed. D\u011bti vid\u00ed sv\u011bt jinak, p\u0159\u00edmo, bez sch\u00e9mat a konvenc\u00ed sv\u00fdch civilizovan\u00fdch a normalizovan\u00fdch rodi\u010d\u016f. Mysl\u00ed p\u0159\u00edmo, v&nbsp;analogi\u00edch, s&nbsp;obrazy, kter\u00e9 jim p\u0159ich\u00e1z\u00ed samy od sebe. Kdy\u017e jim n\u011bkdo uk\u00e1\u017ee na obr\u00e1zku n\u011bco, co neznaj\u00ed, a ozn\u00e1m\u00ed jim, \u017ee TO je TO a TO je TO , nesta\u010d\u00ed jim definice. Jdou ud\u011blat vlastn\u00ed zku\u0161enost a objevit nepoznan\u00e9. Jdou hledat n\u011bco takov\u00e9ho, jako je na obr\u00e1zku. Dosp\u011bl\u00ed se pak ob\u010das chyt\u00ed do pasti \u2013 ale to je p\u0159ece l\u00e9taj\u00edc\u00ed tal\u00ed\u0159, to je jasn\u00e9. Co je na l\u00e9taj\u00edc\u00edm tal\u00ed\u0159i jasn\u00e9 a komu? Placat\u00e1 obr\u00e1cen\u00e1 miska na no\u017ei\u010dk\u00e1ch, nakreslen\u00e1 v&nbsp;d\u011btsk\u00e9 knize, je p\u0159ece jen ilustrac\u00ed konsensu dosp\u011bl\u00fdch o n\u011b\u010dem, co je ve v\u011bt\u0161in\u011b p\u0159\u00edpad\u016f p\u0159ejat\u00e1 p\u0159edstava.<\/p>\n\n\n\n<p><strong>D\u011bti jsou je\u0161t\u011b jako \u017eiv\u00e1 voda. Dovolit jim, aby n\u00e1s u\u010dily, je nejjednodu\u0161\u0161\u00ed a asi i nejp\u0159\u00edjemn\u011bj\u0161\u00ed zp\u016fsob, jak se vr\u00e1tit k&nbsp;sob\u011b sam\u00fdm.<\/strong><\/p>\n\n\n\n<p>I my jsme p\u0159\u00edroda. Kdy\u017e n\u00e1m p\u0159ed dv\u011bma tis\u00edci lety bohov\u00e9 hodili ot\u011b\u017ee, my, lid\u00e9, s\u00a0p\u00fdchou sob\u011b vlastn\u00ed, jsme se jich chopili. Zapomn\u011bli jsme, co jsme mohli, a zapom\u00edn\u00e1me d\u00e1l, jinak by n\u00e1s m\u00fdtus o Faetonovi stra\u0161il jako no\u010dn\u00ed m\u016fra a kdybychom ten obraz dok\u00e1zali uchopit v\u011bdom\u011b, zcela jist\u011b bychom se chovali jinak.<\/p>\n\n\n\n<p>Pova\u017eujeme se d\u00edky technologi\u00edm a intelektu za v\u0161emocn\u00e9, mysl\u00edme si, \u017ee je tady v\u0161echno pro na\u0161i spot\u0159ebu a \u017ee ovl\u00e1d\u00e1me v\u0161echno a n\u011bkte\u0159\u00ed i v\u0161echny. Podlehli jsme nejnebezpe\u010dn\u011bj\u0161\u00ed ze v\u0161ech inflac\u00ed, inflaci osobnosti a pov\u00fd\u0161ili jsme se nad p\u0159\u00edrodu. Ona je tady pro n\u00e1s, m\u016f\u017eeme ji vyu\u017e\u00edvat a br\u00e1t si pln\u00fdmi hrstmi, o co jde, suroviny, vegetace se n\u011bjak obnov\u00ed nebo ne, to n\u00e1s u\u017e tr\u00e1pit nebude, zv\u00ed\u0159ata krom\u011b stejk\u016f a drah\u00fdch kon\u00ed, ko\u010dek a ps\u016f jsou otravn\u00e1. Pova\u017eujeme se za v\u0161emocn\u00e9, ale jsme t\u00edm ve skute\u010dnosti nemocn\u00ed.<\/p>\n\n\n\n<p>Inflace osobnosti n\u00e1s odd\u011blila od na\u0161eho v\u00fdchoz\u00edho zdroje, od p\u0159\u00edrody, nebo jak psal v&nbsp;n\u011bkter\u00fdch sv\u00fdch textech Zden\u011bk Neubauer, od na\u0161\u00ed p\u0159irozenosti. Pokud si dok\u00e1\u017eeme p\u0159ipustit, \u017ee jsme ztratili kontakt s&nbsp;p\u0159\u00edrodou, co si pak p\u0159edstav\u00edme, kdy\u017e \u0159ekneme, \u017ee jsme ztratili kontakt se svou p\u0159irozenost\u00ed? Je to tot\u00e9\u017e, jak uvnit\u0159 tak venku, my jsme p\u0159\u00edroda a to co si mysl\u00edme, \u017ee se n\u00e1s net\u00fdk\u00e1, pro\u017e\u00edv\u00e1me uvnit\u0159 sebe.<\/p>\n\n\n\n<p>Jedna na\u0161e polovina usych\u00e1 a um\u00edr\u00e1 a n\u00e1m je\u0161t\u011b nedo\u0161lo, \u017ee nap\u016fl se \u017e\u00edt ned\u00e1.<\/p>\n\n\n\n<p><em>Ilustra\u010dn\u00ed foto: Kelly Sikkema, Unspash, text je publikov\u00e1n pod licenc\u00ed<a href=\"https:\/\/creativecommons.org\/licenses\/by-nc-nd\/4.0\/legalcode.cs\" target=\"_blank\" rel=\"noreferrer noopener\"> CC BY-NC-ND 4.0<\/a><\/em><\/p>\n\n\n\n<p><\/p>\n","protected":false},"excerpt":{"rendered":"<p>Za naps\u00e1n\u00ed tohoto blogu vlastn\u011b m\u016f\u017ee v\u011bta \u201ed\u011bti jsou neust\u00e1le v&nbsp;kontaktu s&nbsp;p\u0159ilehlou p\u0159\u00edrodou\u201c (DVTV 14.1.2020). Jak se ta slova propl\u00e9tala b\u011bhem dne r\u016fzn\u00fdmi jin\u00fdmi v\u011btami a my\u0161lenkami, st\u00e1le nal\u00e9hav\u011bji p\u0159ipom\u00ednala, jak velk\u00fd je to nesmysl. P\u0159\u00edroda [&hellip;]<\/p>\n","protected":false},"author":1,"featured_media":373,"comment_status":"closed","ping_status":"open","sticky":false,"template":"","format":"standard","meta":{"footnotes":""},"categories":[17,23,20],"tags":[],"class_list":["post-367","post","type-post","status-publish","format-standard","has-post-thumbnail","hentry","category-o-vyznamu-slov","category-spolecnost","category-uvahy"],"_links":{"self":[{"href":"https:\/\/www.blog.adlerova.cz\/index.php\/wp-json\/wp\/v2\/posts\/367","targetHints":{"allow":["GET"]}}],"collection":[{"href":"https:\/\/www.blog.adlerova.cz\/index.php\/wp-json\/wp\/v2\/posts"}],"about":[{"href":"https:\/\/www.blog.adlerova.cz\/index.php\/wp-json\/wp\/v2\/types\/post"}],"author":[{"embeddable":true,"href":"https:\/\/www.blog.adlerova.cz\/index.php\/wp-json\/wp\/v2\/users\/1"}],"replies":[{"embeddable":true,"href":"https:\/\/www.blog.adlerova.cz\/index.php\/wp-json\/wp\/v2\/comments?post=367"}],"version-history":[{"count":8,"href":"https:\/\/www.blog.adlerova.cz\/index.php\/wp-json\/wp\/v2\/posts\/367\/revisions"}],"predecessor-version":[{"id":382,"href":"https:\/\/www.blog.adlerova.cz\/index.php\/wp-json\/wp\/v2\/posts\/367\/revisions\/382"}],"wp:featuredmedia":[{"embeddable":true,"href":"https:\/\/www.blog.adlerova.cz\/index.php\/wp-json\/wp\/v2\/media\/373"}],"wp:attachment":[{"href":"https:\/\/www.blog.adlerova.cz\/index.php\/wp-json\/wp\/v2\/media?parent=367"}],"wp:term":[{"taxonomy":"category","embeddable":true,"href":"https:\/\/www.blog.adlerova.cz\/index.php\/wp-json\/wp\/v2\/categories?post=367"},{"taxonomy":"post_tag","embeddable":true,"href":"https:\/\/www.blog.adlerova.cz\/index.php\/wp-json\/wp\/v2\/tags?post=367"}],"curies":[{"name":"wp","href":"https:\/\/api.w.org\/{rel}","templated":true}]}}