{"id":304,"date":"2024-08-14T11:17:17","date_gmt":"2024-08-14T09:17:17","guid":{"rendered":"https:\/\/www.blog.adlerova.cz\/?p=304"},"modified":"2024-08-19T11:17:24","modified_gmt":"2024-08-19T09:17:24","slug":"to-ji-nikdy-neodpustim","status":"publish","type":"post","link":"https:\/\/www.blog.adlerova.cz\/index.php\/2024\/08\/14\/to-ji-nikdy-neodpustim\/","title":{"rendered":"To j\u00ed nikdy neodpust\u00edm!"},"content":{"rendered":"\n<p>Ur\u010dit\u011b zn\u00e1te ten v\u00fdrok, nabit\u00fd emocemi jako novoro\u010dn\u00ed petarda. Va\u0161imi emocemi. To ve V\u00e1s jsou natlakovan\u00e9 a ten tlak nen\u00ed zdrav\u00fd. je t\u0159eba ho n\u011bjak uvolnit, upustit. Odpustit. Ale jak, kdy\u017e to, co ten druh\u00fd ud\u011blal bylo nelidsk\u00e9 a \u0161patn\u00e9? <\/p>\n\n\n\n<p>N\u011bkde na soci\u00e1ln\u00edch s\u00edt\u00edch prob\u011bhla zpr\u00e1va o tom, \u017ee \u017eena, kter\u00e1 byla na postu v\u00fdkonn\u00e9 \u0159editelky Youtube, a jej\u00ed vliv znamenal problematick\u00e9 smaz\u00e1n\u00ed asi mili\u00f3nu vide\u00ed b\u011bhem minul\u00fdch let, zem\u0159ela na karcinom plic. Zaznamenala jsem \u0159adu nen\u00e1vistn\u00fdch koment\u00e1\u0159\u016f, p\u0159ej\u00edc\u00edch j\u00ed smrt, ze kter\u00fdch mi bylo smutno.<\/p>\n\n\n\n<p>Ano, d\u011blala cenzora ve slu\u017eb\u00e1ch n\u011bkoho, kdo jedn\u00e1 silou a ve vlastn\u00edm z\u00e1jmu, k&nbsp;\u0159ad\u011b lid\u00ed se nedostaly informace z&nbsp;opa\u010dn\u00e9 strany n\u00e1zorov\u00e9ho spektra, kter\u00e9 n\u011bkdo \u00fa\u010delov\u011b vyhodnotil jako ne\u017e\u00e1douc\u00ed a s \u010dasem se ukazuje, \u017ee n\u011bkter\u00e9 byly pravdiv\u00e9.<\/p>\n\n\n\n<p>Zkou\u0161ela jsem si p\u0159edstavit, pro\u010d to d\u011blala. Zva\u017euji dv\u011b mo\u017enosti \u2013 jednala nev\u011bdom\u011b, nebo v\u011bdom\u011b. Mohla b\u00fdt tak naivn\u00ed, \u017ee byla p\u0159esv\u011bd\u010den\u00e1 o tom, \u017ee pom\u00e1h\u00e1 t\u00e9 spr\u00e1vn\u00e9 stran\u011b k&nbsp;z\u00e1chran\u011b lidstva. Nebo v\u011bd\u011bla, \u017ee to nen\u00ed v&nbsp;po\u0159\u00e1dku a n\u011bco ji p\u0159esv\u011bd\u010dilo o tom, \u017ee je pro ni v\u00fdhodn\u00e9 to d\u011blat.<\/p>\n\n\n\n<p>Nep\u0159eji nikomu smrt ani nic zl\u00e9ho. Smrt p\u0159ijde v ka\u017ed\u00e9m p\u0159\u00edpad\u011b a zl\u00e9ho je a\u017e p\u0159\u00edli\u0161 i bez toho, \u017ee ho p\u0159ivol\u00e1v\u00e1m. Pracuji na tom, abych v\u016f\u010di nikomu nec\u00edtila nen\u00e1vist, i kdy\u017e je to n\u011bkdy velmi t\u011b\u017ek\u00e9, obzvl\u00e1\u0161\u0165 dnes, kdy\u017e vylezly p\u0159\u00ed\u0161ery z&nbsp;podzemn\u00edch rozm\u011br\u016f a sv\u011bt je jako kousav\u00fd svetr obr\u00e1cen\u00fd naruby. Pro\u010d? Proto\u017ee jsem si jista, \u017ee bych t\u00edm \u0161kodila nejv\u00edc sama sob\u011b. M\u011bla bych vyblokovanou kapacitu pro dobr\u00e9 vztahy, radost, tv\u016fr\u010d\u00ed inspiraci a nam\u00edsto toho by se ve mn\u011b sv\u00edjela \u010dern\u00e1 chapadla nen\u00e1visti. Jako st\u011bra\u010de by mi b\u011bhala p\u0159ed o\u010dima. T\u00e9m\u011b\u0159 s&nbsp;jistotou by se to projevilo i fyzick\u00fdm onemocn\u011bn\u00edm.<\/p>\n\n\n\n<p>Ale to, \u017ee se u\u010d\u00edm odpou\u0161t\u011bt, neznamen\u00e1, \u017ee zapom\u00edn\u00e1m. V\u00a0\u010dem je ten rozd\u00edl? Nezapomenu na to, co se stalo, zkoum\u00e1m, pro\u010d se to cel\u00e9 d\u011blo a pro\u010d se to mohlo poda\u0159it. Jak\u00e9 lidsk\u00e9 charakterov\u00e9 slabiny n\u011bkdo zneu\u017eil. Jak do\u0161lo k\u00a0tomu, \u017ee se velk\u00e1 \u010d\u00e1st lidstva chov\u00e1 nesamostatn\u011b, skoro nesv\u00e9pr\u00e1vn\u011b, nechce p\u0159evz\u00edt zodpov\u011bdnost za to, co d\u011bl\u00e1 a co t\u00edm zp\u016fsobuje? A pokou\u0161\u00edm se kl\u00e1st ot\u00e1zky, mluvit o tom s p\u0159\u00e1teli, pt\u00e1t se, jak to vid\u00ed i co si o p\u0159\u00ed\u010din\u00e1ch a n\u00e1sledc\u00edch mysl\u00ed.<\/p>\n\n\n\n<p>Pro\u010d? Nejsp\u00ed\u0161 proto, abychom mohli us\u00ednat sp\u00e1nkem spravedliv\u00fdch. Sp\u00e1nkem \u010dlov\u011bka, kter\u00fd ka\u017ed\u00fd ve\u010der proch\u00e1z\u00ed to, co d\u011blal b\u011bhem dne, to, co bylo dobr\u00e9 i to ne \u00fapln\u011b dokonal\u00e9, odpust\u00ed sob\u011b i druh\u00fdm a zapamatuje si jen to podstatn\u00e9 pro sv\u016fj p\u0159\u00ed\u0161t\u00ed den. Aby t\u011bch nedokonal\u00fdch skutk\u016f bylo m\u00e9n\u011b a m\u00e9n\u011b.<\/p>\n\n\n\n<p><em>Ilustra\u010dn\u00ed foto: rihaij, Pixabay<\/em><em>, text je publikov\u00e1n pod licenc\u00ed<\/em><a href=\"https:\/\/creativecommons.org\/licenses\/by-nc-nd\/4.0\/legalcode.cs\" target=\"_blank\" rel=\"noreferrer noopener\"><em> CC BY-NC-ND 4.0<\/em><\/a><\/p>\n\n\n\n<p><\/p>\n","protected":false},"excerpt":{"rendered":"<p>Ur\u010dit\u011b zn\u00e1te ten v\u00fdrok, nabit\u00fd emocemi jako novoro\u010dn\u00ed petarda. Va\u0161imi emocemi. To ve V\u00e1s jsou natlakovan\u00e9 a ten tlak nen\u00ed zdrav\u00fd. je t\u0159eba ho n\u011bjak uvolnit, upustit. Odpustit. Ale jak, kdy\u017e to, co ten druh\u00fd ud\u011blal [&hellip;]<\/p>\n","protected":false},"author":1,"featured_media":312,"comment_status":"closed","ping_status":"open","sticky":false,"template":"","format":"standard","meta":{"footnotes":""},"categories":[22,23,20,14],"tags":[],"class_list":["post-304","post","type-post","status-publish","format-standard","has-post-thumbnail","hentry","category-osobnost","category-spolecnost","category-uvahy","category-vztahy"],"_links":{"self":[{"href":"https:\/\/www.blog.adlerova.cz\/index.php\/wp-json\/wp\/v2\/posts\/304","targetHints":{"allow":["GET"]}}],"collection":[{"href":"https:\/\/www.blog.adlerova.cz\/index.php\/wp-json\/wp\/v2\/posts"}],"about":[{"href":"https:\/\/www.blog.adlerova.cz\/index.php\/wp-json\/wp\/v2\/types\/post"}],"author":[{"embeddable":true,"href":"https:\/\/www.blog.adlerova.cz\/index.php\/wp-json\/wp\/v2\/users\/1"}],"replies":[{"embeddable":true,"href":"https:\/\/www.blog.adlerova.cz\/index.php\/wp-json\/wp\/v2\/comments?post=304"}],"version-history":[{"count":7,"href":"https:\/\/www.blog.adlerova.cz\/index.php\/wp-json\/wp\/v2\/posts\/304\/revisions"}],"predecessor-version":[{"id":350,"href":"https:\/\/www.blog.adlerova.cz\/index.php\/wp-json\/wp\/v2\/posts\/304\/revisions\/350"}],"wp:featuredmedia":[{"embeddable":true,"href":"https:\/\/www.blog.adlerova.cz\/index.php\/wp-json\/wp\/v2\/media\/312"}],"wp:attachment":[{"href":"https:\/\/www.blog.adlerova.cz\/index.php\/wp-json\/wp\/v2\/media?parent=304"}],"wp:term":[{"taxonomy":"category","embeddable":true,"href":"https:\/\/www.blog.adlerova.cz\/index.php\/wp-json\/wp\/v2\/categories?post=304"},{"taxonomy":"post_tag","embeddable":true,"href":"https:\/\/www.blog.adlerova.cz\/index.php\/wp-json\/wp\/v2\/tags?post=304"}],"curies":[{"name":"wp","href":"https:\/\/api.w.org\/{rel}","templated":true}]}}